{"id":216589,"date":"2026-09-05T10:25:06","date_gmt":"2026-09-05T10:25:06","guid":{"rendered":"https:\/\/www.europesays.com\/si\/216589\/"},"modified":"2026-09-05T10:25:06","modified_gmt":"2026-09-05T10:25:06","slug":"mocno-gorelo-sredi-trsta-plameni-zajeli-vec-tovornjakov-video","status":"publish","type":"post","link":"https:\/\/www.europesays.com\/si\/216589\/","title":{"rendered":"Mo\u010dno gorelo sredi Trsta: plameni zajeli ve\u010d tovornjakov #video"},"content":{"rendered":"<p>Plameni so v petek zve\u010der zajeli ve\u010d tovornjakov v tr\u017ea\u0161kem pristani\u0161\u010du, poro\u010da Obala Plus. Gasilci so se z ognjem borili s pomo\u010djo pene, pri po\u017earu pa je bila po\u0161kodovana tudi fotovoltai\u010dna napeljava. V dogodku na sre\u010do ni bil nih\u010de po\u0161kodovan.<\/p>\n<p>Gasilci so bili o po\u017earu obve\u0161\u010deni okoli 21.10. Goreli so trije polpriklopniki in cestni vla\u010dilec. Gasilci so takoj za\u010deli intenzivno ga\u0161enje, tudi z gasilno peno, s katero so omejevali in postopoma pogasili ogenj. Po\u017ear je povzro\u010dil \u0161kodo tudi na fotovoltai\u010dnem sistemu, ki je bil name\u0161\u010den nad delom obmo\u010dja, kjer je izbruhnil ogenj, pi\u0161e Obala Plus.<\/p>\n<p>Gasilci so po\u017ear pogasili, sanirali po\u0161kodovane dele ter obmo\u010dje zavarovali pred morebitnim ponovnim v\u017eigom.<\/p>\n<p>Vzrok po\u017eara \u0161e ni znan, preiskava se nadaljuje.<\/p>\n<p>\u00a0<\/p>\n","protected":false},"excerpt":{"rendered":"Plameni so v petek zve\u010der zajeli ve\u010d tovornjakov v tr\u017ea\u0161kem pristani\u0161\u010du, poro\u010da Obala Plus. Gasilci so se z&hellip;\n","protected":false},"author":2,"featured_media":216590,"comment_status":"","ping_status":"","sticky":false,"template":"","format":"standard","meta":{"footnotes":"","_share_on_mastodon":"0"},"categories":[8],"tags":[760,37,38,64,6118,63],"class_list":["post-216589","post","type-post","status-publish","format-standard","has-post-thumbnail","category-svet","tag-pozar","tag-slovene","tag-slovenscina","tag-svet","tag-trst","tag-world"],"share_on_mastodon":{"url":"https:\/\/pubeurope.com\/@si\/117217953298420699","error":""},"_links":{"self":[{"href":"https:\/\/www.europesays.com\/si\/wp-json\/wp\/v2\/posts\/216589","targetHints":{"allow":["GET"]}}],"collection":[{"href":"https:\/\/www.europesays.com\/si\/wp-json\/wp\/v2\/posts"}],"about":[{"href":"https:\/\/www.europesays.com\/si\/wp-json\/wp\/v2\/types\/post"}],"author":[{"embeddable":true,"href":"https:\/\/www.europesays.com\/si\/wp-json\/wp\/v2\/users\/2"}],"replies":[{"embeddable":true,"href":"https:\/\/www.europesays.com\/si\/wp-json\/wp\/v2\/comments?post=216589"}],"version-history":[{"count":0,"href":"https:\/\/www.europesays.com\/si\/wp-json\/wp\/v2\/posts\/216589\/revisions"}],"wp:featuredmedia":[{"embeddable":true,"href":"https:\/\/www.europesays.com\/si\/wp-json\/wp\/v2\/media\/216590"}],"wp:attachment":[{"href":"https:\/\/www.europesays.com\/si\/wp-json\/wp\/v2\/media?parent=216589"}],"wp:term":[{"taxonomy":"category","embeddable":true,"href":"https:\/\/www.europesays.com\/si\/wp-json\/wp\/v2\/categories?post=216589"},{"taxonomy":"post_tag","embeddable":true,"href":"https:\/\/www.europesays.com\/si\/wp-json\/wp\/v2\/tags?post=216589"}],"curies":[{"name":"wp","href":"https:\/\/api.w.org\/{rel}","templated":true}]}}