{"id":216593,"date":"2026-09-05T10:27:08","date_gmt":"2026-09-05T10:27:08","guid":{"rendered":"https:\/\/www.europesays.com\/si\/216593\/"},"modified":"2026-09-05T10:27:08","modified_gmt":"2026-09-05T10:27:08","slug":"iskrena-izpoved-gorskih-resevalcev-po-tragediji-v-bohinju-za-oblacili-z-znanim-okroglim-grbom-se-skrivamo-navadni-ljudje","status":"publish","type":"post","link":"https:\/\/www.europesays.com\/si\/216593\/","title":{"rendered":"Iskrena izpoved gorskih re\u0161evalcev po tragediji v Bohinju: \u00bbZa obla\u010dili z znanim okroglim grbom se skrivamo navadni ljudje\u00a0&#8230;\u00ab"},"content":{"rendered":"<p>Na severnem pobo\u010dju Vrha Krnic v ob\u010dini Bohinj je v petek popoldne strmoglavil jadralni padalec, ki je kljub pomo\u010di zaradi po\u0161kodb umrl na kraju dogodka. S helikopterjem Slovenske vojske so ga prepeljali v dolino, so sporo\u010dili s centra za obve\u0161\u010danje uprave za za\u0161\u010dito in re\u0161evanje.<\/p>\n<p>Nesre\u010da se je po njihovih navedbah zgodila nekaj po 14. uri. Padalcu so pomo\u010d na kraju dogodka nudili de\u017eurna ekipa za re\u0161evanje v gorah z Brnika in bohinjski gorski re\u0161evalci, a je zaradi po\u0161kodb umrl.<\/p>\n<p>Nesre\u010da tudi v Bovcu<\/p>\n<p>Okoli 17.30 pa se je na letali\u0161\u010du v Bovcu zgodila nesre\u010da \u0161e enemu jadralnemu padalcu. Ta se je po\u0161kodoval pri pristanku, s helikopterjem so ga prepeljali v Univerzitetni klini\u010dni center Ljubljana, so \u0161e navedli v centru za obve\u0161\u010danje uprave za za\u0161\u010dito in re\u0161evanje.<\/p>\n<p>Ganljiv zapis re\u0161evalcev<\/p>\n<p>V Gorski re\u0161evalni slu\u017ebi Bohinj so ob\u00a0tragediji na svojem Facebook profilu pojasnili, da\u00a0je nesre\u010dnika\u00a0po prehodu grebena ju\u017enih bohinjskih gora presenetil rotor, ki mu je zaprl padalo. Ker mu v situaciji \u017eal ni uspelo ustrezno ukrepati, je strmoglavil na trda tla. Kljub hitremu posredovanju ekipe z Brnika in bohinjskih re\u0161evalcev ter skoraj enournemu izvajanju temeljnih postopkov o\u017eivljanja so morali na koncu \u00bbpriznati premo\u010d silam, ki so iz ponesre\u010denega iztrgale \u017eivljenje.\u00ab<\/p>\n<p>V zapisu so ponudili tudi iskren vpogled v svoje delo in ob\u010dutke ob tak\u0161nih tragedijah. Zapisali so, da jih ljudje pogosto ozna\u010dujejo za junake, a dodali: \u00bbVseeno pa se, ne glede na to, kako nas vidite vi, za obla\u010dili z znanim okroglim grbom na prsih skrivamo navadni in ne super ljudje. Seveda vedno naredimo vse, kar znamo in zmoremo, ampak v\u010dasih to ni dovolj, da bi v topel objem doma\u010dih vrnili sina, morda brata, mo\u017ea, o\u010deta\u00a0&#8230;\u00ab<\/p>\n<p>Ob koncu so poudarili, da \u010deprav se njihova bole\u010dina ne more primerjati s tisto, ki jo \u010dutijo najbli\u017eji, tudi re\u0161evalci po tak\u0161nih intervencijah dogodke globoko predelujejo, svojcem pa so izrekli iskreno so\u017ealje.<\/p>\n","protected":false},"excerpt":{"rendered":"Na severnem pobo\u010dju Vrha Krnic v ob\u010dini Bohinj je v petek popoldne strmoglavil jadralni padalec, ki je kljub&hellip;\n","protected":false},"author":2,"featured_media":216594,"comment_status":"","ping_status":"","sticky":false,"template":"","format":"standard","meta":{"footnotes":"","_share_on_mastodon":"0"},"categories":[20],"tags":[2784,32,52810,1422,35,502,31,34,36,3443,296,1591,37,38,584,33,15701,7020,52811],"class_list":["post-216593","post","type-post","status-publish","format-standard","has-post-thumbnail","category-novice","tag-bohinj","tag-headlines","tag-helikopter-sv","tag-jadralni-padalec","tag-najpomembnejse-novice","tag-nesreca","tag-news","tag-novice","tag-osrednje-novice","tag-padalec","tag-poskodbe","tag-resevanje","tag-slovene","tag-slovenscina","tag-smrt","tag-top-stories","tag-univerzitetni-klinicni-center-ljubljana","tag-uprava-za-zascito-in-resevanje","tag-vrh-krnic"],"share_on_mastodon":{"url":"https:\/\/pubeurope.com\/@si\/117217961483001684","error":""},"_links":{"self":[{"href":"https:\/\/www.europesays.com\/si\/wp-json\/wp\/v2\/posts\/216593","targetHints":{"allow":["GET"]}}],"collection":[{"href":"https:\/\/www.europesays.com\/si\/wp-json\/wp\/v2\/posts"}],"about":[{"href":"https:\/\/www.europesays.com\/si\/wp-json\/wp\/v2\/types\/post"}],"author":[{"embeddable":true,"href":"https:\/\/www.europesays.com\/si\/wp-json\/wp\/v2\/users\/2"}],"replies":[{"embeddable":true,"href":"https:\/\/www.europesays.com\/si\/wp-json\/wp\/v2\/comments?post=216593"}],"version-history":[{"count":0,"href":"https:\/\/www.europesays.com\/si\/wp-json\/wp\/v2\/posts\/216593\/revisions"}],"wp:featuredmedia":[{"embeddable":true,"href":"https:\/\/www.europesays.com\/si\/wp-json\/wp\/v2\/media\/216594"}],"wp:attachment":[{"href":"https:\/\/www.europesays.com\/si\/wp-json\/wp\/v2\/media?parent=216593"}],"wp:term":[{"taxonomy":"category","embeddable":true,"href":"https:\/\/www.europesays.com\/si\/wp-json\/wp\/v2\/categories?post=216593"},{"taxonomy":"post_tag","embeddable":true,"href":"https:\/\/www.europesays.com\/si\/wp-json\/wp\/v2\/tags?post=216593"}],"curies":[{"name":"wp","href":"https:\/\/api.w.org\/{rel}","templated":true}]}}