{"id":216615,"date":"2026-09-05T10:45:20","date_gmt":"2026-09-05T10:45:20","guid":{"rendered":"https:\/\/www.europesays.com\/si\/216615\/"},"modified":"2026-09-05T10:45:20","modified_gmt":"2026-09-05T10:45:20","slug":"olimpija-precej-prestrasena-pricakuje-brinje-grosuplje-2","status":"publish","type":"post","link":"https:\/\/www.europesays.com\/si\/216615\/","title":{"rendered":"Olimpija precej prestra\u0161ena pri\u010dakuje Brinje Grosuplje"},"content":{"rendered":"<p>\t\t\t\t\t\t\t\t<a href=\"https:\/\/www.europesays.com\/si\/wp-content\/uploads\/2026\/09\/1788605119_203_67069285.jpg\" itemprop=\"contentUrl\" data-size=\"1200x800\" data-large=\"https:\/\/www.europesays.com\/si\/wp-content\/uploads\/2026\/09\/1788605119_203_67069285.jpg\"><br \/>\n\t\t\t\t\t\t\t\t\t<img decoding=\"async\" src=\"https:\/\/www.europesays.com\/si\/wp-content\/uploads\/2026\/09\/1788605119_203_67069285.jpg\" title=\"Navija\u010di Olimpije izgubljajo potrpljenje. Kot ka\u017ee, bo leto\u0161nja sezona spet zavo\u017eena. Foto: www.alesfevzer.com\" alt=\"Navija\u010di Olimpije izgubljajo potrpljenje. Kot ka\u017ee, bo leto\u0161nja sezona spet zavo\u017eena. Foto: www.alesfevzer.com\"\/><br \/>\n\t\t\t\t\t\t\t\t<\/a><\/p>\n<p>\t\t\t\t\t\t\t\t\tNavija\u010di Olimpije izgubljajo potrpljenje. Kot ka\u017ee, bo leto\u0161nja sezona spet zavo\u017eena. Foto: www.alesfevzer.com<\/p>\n<p>\t\t\t\t\t\t\t<a id=\"preferredSourceBanner\" href=\"https:\/\/www.rtvslo.si\/sport\/olimpija-precej-prestrasena-pricakuje-brinje-grosuplje\/javascript:void(0)\" target=\"_blank\" class=\"d-none align-items-center justify-content-between rounded my-3\" style=\"padding: 10px 15px;\" rel=\"nofollow noopener\"><br \/>\n\t\t\t\t\t\t<img decoding=\"async\" src=\"https:\/\/img.rtvslo.si\/_static\/novi\/img\/ico-google.svg\" class=\"flex-shrink-0 mr-3\" aria-hidden=\"true\"\/><br \/>\n\t\t\t\t\t\tSpremljajte RTVSLO.si kot prednostni vir na Google<\/p>\n<p>\t\t\t\t\t<\/a><\/p>\n<p>\u0160tirje goli na eni tekmi proti prvakom je vsekakor odli\u010dna popotnica pred dana\u0161njim gostovanjem v Sto\u017eicah. Olimpija na drugi strani lahko o tak\u0161ni u\u010dinkovitosti le sanja, saj je v leto\u0161nji sezoni na \u0161estih tekmah skupaj dosegla le tri zadetke, od tega dva bo\u010dni branilec. Napadalcev kot da ni, velik dol\u017enik je predvsem Marvin Cuni. Okrog kluba je vse ve\u010d negativizma, trener Jugoslav Tren\u010dovski je pod vse ve\u010djim pritiskom, samozavest igralcev je mo\u010dno na\u010deta.<\/p>\n<p>Oglas<\/p>\n<p>Nedelja prina\u0161a zanimiv obra\u010dun v Ljudskem vrtu, kjer bo Maribor gostil Muro, za konec 8. kroga pa se bosta soo\u010dila Celje in Koper.<\/p>\n<p>\t\t\t\t\t\t\t\tBravo morda \u017ee danes z Nigerijcem Moladom<\/p>\n<p>\t\t\t\t\t\t\t\t\t\tBravo je po Milanu Tu\u010di\u0107u in Mateju Malen\u0161ku objavil novo kadrovsko novost. V nadaljevanju sezone bo dres \u0160i\u0161karjev nosil 22-letni nigerijski branilec Olanwareju Ojo Molade, ki lahko igra \u017ee na dana\u0161nji tekmi.<\/p>\n<p> PRVA LIGA TELEMACH \u2013 8. KROG, danes ob 17.30: <br \/>ALUMINIJ \u2013 BRAVO<\/p>\n<p>Ob 20.15: <br \/>OLIMPIJA \u2013 BRINJE GROSUPLJE<\/p>\n<p>Nedelja ob 17.30: <br \/>MARIBOR \u2013 MURA<\/p>\n<p>Ob 20.15: <br \/>CELJE \u2013 KOPER<\/p>\n<p>Petek:<br \/>NAFTA 1903 \u2013 KALCER RADOMLJE <a href=\"https:\/\/www.rtvslo.si\/sport\/nogomet\/prva-liga\/ostrostrelec-marosa-zagotovil-nafti-zmago-nad-radomljani\/792851\" data-mce-href=\"https:\/\/www.rtvslo.si\/sport\/nogomet\/prva-liga\/ostrostrelec-marosa-zagotovil-nafti-zmago-nad-radomljani\/792851\" data-mce- rel=\"nofollow noopener\" target=\"_blank\">3:1<\/a> (0:0) <br \/>1000; Maro\u0161a 51., 56., Zorica 77.; <br \/>Ikenna 53.<\/p>\n<p>Lestvica:<br \/>\nMARIBOR              7  4 3 0 13:5  15<br \/>\nKOPER                7  3 3 1  7:5  12<br \/>\nCELJE                6  3 2 1 10:8  11<br \/>\nBRAVO                7  3 2 2  8:8  11<br \/>\nNAFTA 1903           8  3 1 4 15:13 10<br \/>\nALUMINIJ             7  2 2 3  8:8   8<br \/>\nBRINJE GROSUPLJE     7  2 2 3 11:12  8<br \/>\nOLIMPIJA             7  2 2 3  3:5   8<br \/>\nMURA                 7  2 1 4  8:14  7<br \/>\nKALCER RADOMLJE      7  1 2 4  8:13  5<\/p>\n<p>Oglas<\/p>\n","protected":false},"excerpt":{"rendered":"Navija\u010di Olimpije izgubljajo potrpljenje. Kot ka\u017ee, bo leto\u0161nja sezona spet zavo\u017eena. Foto: www.alesfevzer.com Spremljajte RTVSLO.si kot prednostni vir&hellip;\n","protected":false},"author":2,"featured_media":216616,"comment_status":"","ping_status":"","sticky":false,"template":"","format":"standard","meta":{"footnotes":"","_share_on_mastodon":"0"},"categories":[20],"tags":[52791,32,35,31,264,34,36,131,37,38,33],"class_list":["post-216615","post","type-post","status-publish","format-standard","has-post-thumbnail","category-novice","tag-8-krog","tag-headlines","tag-najpomembnejse-novice","tag-news","tag-nogomet","tag-novice","tag-osrednje-novice","tag-prva-liga-telemach","tag-slovene","tag-slovenscina","tag-top-stories"],"share_on_mastodon":{"url":"https:\/\/pubeurope.com\/@si\/117218032204469030","error":""},"_links":{"self":[{"href":"https:\/\/www.europesays.com\/si\/wp-json\/wp\/v2\/posts\/216615","targetHints":{"allow":["GET"]}}],"collection":[{"href":"https:\/\/www.europesays.com\/si\/wp-json\/wp\/v2\/posts"}],"about":[{"href":"https:\/\/www.europesays.com\/si\/wp-json\/wp\/v2\/types\/post"}],"author":[{"embeddable":true,"href":"https:\/\/www.europesays.com\/si\/wp-json\/wp\/v2\/users\/2"}],"replies":[{"embeddable":true,"href":"https:\/\/www.europesays.com\/si\/wp-json\/wp\/v2\/comments?post=216615"}],"version-history":[{"count":0,"href":"https:\/\/www.europesays.com\/si\/wp-json\/wp\/v2\/posts\/216615\/revisions"}],"wp:featuredmedia":[{"embeddable":true,"href":"https:\/\/www.europesays.com\/si\/wp-json\/wp\/v2\/media\/216616"}],"wp:attachment":[{"href":"https:\/\/www.europesays.com\/si\/wp-json\/wp\/v2\/media?parent=216615"}],"wp:term":[{"taxonomy":"category","embeddable":true,"href":"https:\/\/www.europesays.com\/si\/wp-json\/wp\/v2\/categories?post=216615"},{"taxonomy":"post_tag","embeddable":true,"href":"https:\/\/www.europesays.com\/si\/wp-json\/wp\/v2\/tags?post=216615"}],"curies":[{"name":"wp","href":"https:\/\/api.w.org\/{rel}","templated":true}]}}