{"id":216647,"date":"2026-09-05T11:15:14","date_gmt":"2026-09-05T11:15:14","guid":{"rendered":"https:\/\/www.europesays.com\/si\/216647\/"},"modified":"2026-09-05T11:15:14","modified_gmt":"2026-09-05T11:15:14","slug":"luka-modric-nadaljuje-reprezentancno-kariero","status":"publish","type":"post","link":"https:\/\/www.europesays.com\/si\/216647\/","title":{"rendered":"Luka Modri\u0107 nadaljuje reprezentan\u010dno kariero"},"content":{"rendered":"<p>\t\t\t\t\t\t\t\t<a href=\"https:\/\/www.europesays.com\/si\/wp-content\/uploads\/2026\/09\/67058108.jpg\" itemprop=\"contentUrl\" data-size=\"1200x800\" data-large=\"https:\/\/www.europesays.com\/si\/wp-content\/uploads\/2026\/09\/67058108.jpg\"><br \/>\n\t\t\t\t\t\t\t\t\t<img decoding=\"async\" src=\"https:\/\/www.europesays.com\/si\/wp-content\/uploads\/2026\/09\/67058108.jpg\" title=\"Luka Modri\u0107, legendarna desetka hrva\u0161ke nogometne reprezentance, je bil leta 2018 tudi dobitnik zlate \u017eoge. Foto: Reuters\" alt=\"Luka Modri\u0107, legendarna desetka hrva\u0161ke nogometne reprezentance, je bil leta 2018 tudi dobitnik zlate \u017eoge. Foto: Reuters\"\/><br \/>\n\t\t\t\t\t\t\t\t<\/a><\/p>\n<p>\t\t\t\t\t\t\t\t\tLuka Modri\u0107, legendarna desetka hrva\u0161ke nogometne reprezentance, je bil leta 2018 tudi dobitnik zlate \u017eoge. Foto: Reuters<\/p>\n<p>\t\t\t\t\t\t\t<a id=\"preferredSourceBanner\" href=\"https:\/\/www.rtvslo.si\/sport\/nogomet\/liga-narodov\/luka-modric-nadaljuje-reprezentancno-kariero\/javascript:void(0)\" target=\"_blank\" class=\"d-none align-items-center justify-content-between rounded my-3\" style=\"padding: 10px 15px;\" rel=\"nofollow noopener\"><br \/>\n\t\t\t\t\t\t<img decoding=\"async\" src=\"https:\/\/img.rtvslo.si\/_static\/novi\/img\/ico-google.svg\" class=\"flex-shrink-0 mr-3\" aria-hidden=\"true\"\/><br \/>\n\t\t\t\t\t\tSpremljajte RTVSLO.si kot prednostni vir na Google<\/p>\n<p>\t\t\t\t\t<\/a><\/p>\n<p>Modri\u0107 je novemu selektorju Slavenu Bili\u0107u in predsedniku hrva\u0161ke nogometne zveze Marijanu Kusti\u0107u potrdil, da je pripravljen pomagati reprezentanci v novi sezoni Lige narodov. S tem se nadaljuje izjemna reprezentan\u010dna kariera igralca, ki je pustil neizbrisen pe\u010dat s svojimi 202 nastopi za &#8220;ognjene&#8221;, Hrva\u0161ko pa je med drugim popeljal do finala svetovnega prvenstva leta 2018.<\/p>\n<p>Oglas<\/p>\n<p>&#8220;Seveda sem izjemno zadovoljen s to Lukovo odlo\u010ditvijo, saj vsi vemo, kaj predstavlja in kaj pomeni za Hrva\u0161ko, tako na igri\u0161\u010du kot zunaj njega. \u0160e posebej me veseli, da bova po 14 letih spet sodelovala,&#8221; je dejal selektor Bili\u0107, ki bo seznam igralcev predstavil v ponedeljek.<\/p>\n<p>Hrva\u0161ko 26. septembra v Pragi \u010daka dvoboj s \u010ce\u0161ko, 29. septembra v Sevilli s \u0160panijo, 3. oktobra na Reki dvoboj z Anglijo, 6. oktobra pa sledi nov dvoboj proti svetovnim prvakom \u0160pancem v Splitu.<\/p>\n<p>Oglas<\/p>\n","protected":false},"excerpt":{"rendered":"Luka Modri\u0107, legendarna desetka hrva\u0161ke nogometne reprezentance, je bil leta 2018 tudi dobitnik zlate \u017eoge. Foto: Reuters Spremljajte&hellip;\n","protected":false},"author":2,"featured_media":216648,"comment_status":"","ping_status":"","sticky":false,"template":"","format":"standard","meta":{"footnotes":"","_share_on_mastodon":"0"},"categories":[16],"tags":[52829,9489,264,62,37,58,60,38,94,93],"class_list":["post-216647","post","type-post","status-publish","format-standard","has-post-thumbnail","category-sport","tag-hrvaska-reprezentanca","tag-luka-modric","tag-nogomet","tag-si","tag-slovene","tag-slovenia","tag-slovenija","tag-slovenscina","tag-sport","tag-sports"],"share_on_mastodon":{"url":"https:\/\/pubeurope.com\/@si\/117218150113243612","error":""},"_links":{"self":[{"href":"https:\/\/www.europesays.com\/si\/wp-json\/wp\/v2\/posts\/216647","targetHints":{"allow":["GET"]}}],"collection":[{"href":"https:\/\/www.europesays.com\/si\/wp-json\/wp\/v2\/posts"}],"about":[{"href":"https:\/\/www.europesays.com\/si\/wp-json\/wp\/v2\/types\/post"}],"author":[{"embeddable":true,"href":"https:\/\/www.europesays.com\/si\/wp-json\/wp\/v2\/users\/2"}],"replies":[{"embeddable":true,"href":"https:\/\/www.europesays.com\/si\/wp-json\/wp\/v2\/comments?post=216647"}],"version-history":[{"count":0,"href":"https:\/\/www.europesays.com\/si\/wp-json\/wp\/v2\/posts\/216647\/revisions"}],"wp:featuredmedia":[{"embeddable":true,"href":"https:\/\/www.europesays.com\/si\/wp-json\/wp\/v2\/media\/216648"}],"wp:attachment":[{"href":"https:\/\/www.europesays.com\/si\/wp-json\/wp\/v2\/media?parent=216647"}],"wp:term":[{"taxonomy":"category","embeddable":true,"href":"https:\/\/www.europesays.com\/si\/wp-json\/wp\/v2\/categories?post=216647"},{"taxonomy":"post_tag","embeddable":true,"href":"https:\/\/www.europesays.com\/si\/wp-json\/wp\/v2\/tags?post=216647"}],"curies":[{"name":"wp","href":"https:\/\/api.w.org\/{rel}","templated":true}]}}