{"id":216745,"date":"2026-09-05T12:53:18","date_gmt":"2026-09-05T12:53:18","guid":{"rendered":"https:\/\/www.europesays.com\/si\/216745\/"},"modified":"2026-09-05T12:53:18","modified_gmt":"2026-09-05T12:53:18","slug":"v-nepalu-po-poplavah-resili-se-dva-cloveka","status":"publish","type":"post","link":"https:\/\/www.europesays.com\/si\/216745\/","title":{"rendered":"V Nepalu po poplavah re\u0161ili \u0161e dva \u010dloveka"},"content":{"rendered":"<p>\t\t\t\t\t\t\t\t<a href=\"https:\/\/www.europesays.com\/si\/wp-content\/uploads\/2026\/09\/67094183.jpg\" itemprop=\"contentUrl\" data-size=\"1200x800\" data-large=\"https:\/\/www.europesays.com\/si\/wp-content\/uploads\/2026\/09\/67094183.jpg\"><br \/>\n\t\t\t\t\t\t\t\t\t<img decoding=\"async\" src=\"https:\/\/www.europesays.com\/si\/wp-content\/uploads\/2026\/09\/67094183.jpg\" title=\"Pripadniki nepalske vojske in re\u0161eni kitajski dr\u017eavljan. Foto: Reuters\" alt=\"Pripadniki nepalske vojske in re\u0161eni kitajski dr\u017eavljan. Foto: Reuters\"\/><br \/>\n\t\t\t\t\t\t\t\t<\/a><\/p>\n<p>\t\t\t\t\t\t\t\t\tPripadniki nepalske vojske in re\u0161eni kitajski dr\u017eavljan. Foto: Reuters<\/p>\n<p>\t\t\t\t\t\t\t<a id=\"preferredSourceBanner\" href=\"https:\/\/www.rtvslo.si\/svet\/azija-z-oceanijo\/v-nepalu-po-poplavah-resili-se-kitajskega-delavca\/javascript:void(0)\" target=\"_blank\" class=\"d-none align-items-center justify-content-between rounded my-3\" style=\"padding: 10px 15px;\" rel=\"nofollow noopener\"><br \/>\n\t\t\t\t\t\t<img decoding=\"async\" src=\"https:\/\/img.rtvslo.si\/_static\/novi\/img\/ico-google.svg\" class=\"flex-shrink-0 mr-3\" aria-hidden=\"true\"\/><br \/>\n\t\t\t\t\t\tSpremljajte RTVSLO.si kot prednostni vir na Google<\/p>\n<p>\t\t\t\t\t<\/a><\/p>\n<p>&#8220;Iz predora smo pravkar izvlekli kitajskega dr\u017eavljana,&#8221; so za francosko tiskovno agencijo AFP sporo\u010dili iz nepalske vojske. Podrobnosti o njegovem zdravstvenem stanju niso navedli.<\/p>\n<p>Oglas<\/p>\n<p>V petek so re\u0161evalci iz istega kompleksa hidroelektrarne re\u0161ili dva nepalska delavca, ki sta bila pod zemljo ujeta deset dni. To sta prva pre\u017eivela, ki so ju re\u0161ili iz zasute mre\u017ee predorov po katastrofi. Oblasti pri\u010dakujejo, da je v predorih ujetih \u0161e ve\u010d delavcev.<\/p>\n<p>Eden od v petek re\u0161enih delavcev je v kriti\u010dnem stanju in se zdravi na oddelku intenzivne nege v voja\u0161ki bolni\u0161nici v Katmanduju. Zaradi podhladitve in hude iz\u010drpanosti ima resne zdravstvene te\u017eave. Drugi delavec je v stabilnem stanju. Povedal je, da je med ujetostjo v predoru z vpitjem lahko komuniciral z ve\u010d ljudmi, ki so bili ujeti v bli\u017eini.<\/p>\n<p>Iz po\u0161kodovane hi\u0161e v opusto\u0161enem mestu Nuvakot pa so re\u0161ili \u0161e 64-letno Nepalko. \u017densko so z letalom prepeljali v Katmandu na zdravljenje.<\/p>\n<p>Medtem se nadaljuje zahtevna identifikacija \u017ertev. Od 1344 najdenih trupel jih je bilo doslej identificiranih le 74, med najdenimi trupli je 758 odraslih in 85 mladoletnikov, od 501 \u017ertve pa so na\u0161li le del posmrtnih ostankov. Po podatkih nepalskih oblasti je med pogre\u0161animi tudi najmanj 606 tujih dr\u017eavljanov.<\/p>\n<p>Po dosedanjih ugotovitvah naj bi bile katastrofalne poplave in zemeljski plazovi povezani s podorom ledenika oziroma vdorom ledeni\u0161kega jezera. Nesre\u010da je povzro\u010dila obse\u017eno \u0161kodo na infrastrukturi in \u0161tevilne ljudi pustila brez strehe nad glavo.<\/p>\n<p>Oglas<\/p>\n","protected":false},"excerpt":{"rendered":"Pripadniki nepalske vojske in re\u0161eni kitajski dr\u017eavljan. Foto: Reuters Spremljajte RTVSLO.si kot prednostni vir na Google &#8220;Iz predora&hellip;\n","protected":false},"author":2,"featured_media":216746,"comment_status":"","ping_status":"","sticky":false,"template":"","format":"standard","meta":{"footnotes":"","_share_on_mastodon":"0"},"categories":[20],"tags":[32,35,8113,31,34,36,34153,4317,781,1591,37,38,33],"class_list":["post-216745","post","type-post","status-publish","format-standard","has-post-thumbnail","category-novice","tag-headlines","tag-najpomembnejse-novice","tag-nepal","tag-news","tag-novice","tag-osrednje-novice","tag-plazovi","tag-pogresani","tag-poplave","tag-resevanje","tag-slovene","tag-slovenscina","tag-top-stories"],"share_on_mastodon":{"url":"https:\/\/pubeurope.com\/@si\/117218535515292917","error":""},"_links":{"self":[{"href":"https:\/\/www.europesays.com\/si\/wp-json\/wp\/v2\/posts\/216745","targetHints":{"allow":["GET"]}}],"collection":[{"href":"https:\/\/www.europesays.com\/si\/wp-json\/wp\/v2\/posts"}],"about":[{"href":"https:\/\/www.europesays.com\/si\/wp-json\/wp\/v2\/types\/post"}],"author":[{"embeddable":true,"href":"https:\/\/www.europesays.com\/si\/wp-json\/wp\/v2\/users\/2"}],"replies":[{"embeddable":true,"href":"https:\/\/www.europesays.com\/si\/wp-json\/wp\/v2\/comments?post=216745"}],"version-history":[{"count":0,"href":"https:\/\/www.europesays.com\/si\/wp-json\/wp\/v2\/posts\/216745\/revisions"}],"wp:featuredmedia":[{"embeddable":true,"href":"https:\/\/www.europesays.com\/si\/wp-json\/wp\/v2\/media\/216746"}],"wp:attachment":[{"href":"https:\/\/www.europesays.com\/si\/wp-json\/wp\/v2\/media?parent=216745"}],"wp:term":[{"taxonomy":"category","embeddable":true,"href":"https:\/\/www.europesays.com\/si\/wp-json\/wp\/v2\/categories?post=216745"},{"taxonomy":"post_tag","embeddable":true,"href":"https:\/\/www.europesays.com\/si\/wp-json\/wp\/v2\/tags?post=216745"}],"curies":[{"name":"wp","href":"https:\/\/api.w.org\/{rel}","templated":true}]}}