{"id":216749,"date":"2026-09-05T13:04:13","date_gmt":"2026-09-05T13:04:13","guid":{"rendered":"https:\/\/www.europesays.com\/si\/216749\/"},"modified":"2026-09-05T13:04:13","modified_gmt":"2026-09-05T13:04:13","slug":"brutalna-druzinska-tragedija-sin-slavnega-reziserja-prvic-spregovoril-o-umoru-starsev","status":"publish","type":"post","link":"https:\/\/www.europesays.com\/si\/216749\/","title":{"rendered":"Brutalna dru\u017einska tragedija: Sin slavnega re\u017eiserja prvi\u010d spregovoril o umoru star\u0161ev"},"content":{"rendered":"<p>    <img decoding=\"async\" data-lb-desktop=\"\/media\/2026\/09\/01\/859467\/Orig-jake_reiner_instagram-1200.webp\" data-lb-mobile=\"\/media\/2026\/09\/01\/859467\/Orig-jake_reiner_instagram-600.webp\" class=\"main-gallery-image se_image_lb\" src=\"https:\/\/www.europesays.com\/si\/wp-content\/uploads\/2026\/09\/Wide-jake_reiner_instagram-1000.webp\" alt=\"Jake Reiner F instagram\"\/><\/p>\n<p>Jake Reiner ni \u017eelel govoriti o kazenskem postopku proti bratu. Foto: instagram<\/p>\n<p>Brutalna dru\u017einska tragedija: Sin slavnega re\u017eiserja prvi\u010d spregovoril o umoru star\u0161ev<\/p>\n<p>Najstarej\u0161i sin Roba Reinerja Jake je prvi\u010d javno spregovoril o umoru svojih star\u0161ev, za katerega bodo sodili njegovemu tri leta mlaj\u0161emu bratu Nicku.<\/p>\n<p>Nick Reiner naj bi star\u0161e, 78-letnega filmskega re\u017eiserja Roba Reinerja in njegovo 68-letno \u017eeno, fotografinjo Michele Singer Reiner, umoril 14. decembra lani na njunem domu v losangele\u0161ki \u010detrti Brentwood, odkar je v priporu, pa posku\u0161a pridobiti dostop do denarja iz sklada, ki so ga star\u0161i ustanovili tudi zanj.<\/p>\n<p>    <a class=\"se-card__wrap se-card--link\" href=\"https:\/\/www.dnevnik.si\/novice\/svet\/umrla-reziser-rob-reiner-in-njegova-zena-policija-sumi-na-umor-2773389\/\" data-upscore-url=\"\" rel=\"nofollow noopener\" target=\"_blank\"><\/p>\n<p>        <img decoding=\"async\" class=\"se-image se-image--card\" src=\"https:\/\/www.europesays.com\/si\/wp-content\/uploads\/2026\/09\/Wide-profimedia-1059401073-400.webp\" alt=\"Foto: Profimedia\"\/><\/p>\n<p>Rob Reiner<\/p>\n<p>Umrla slavni hollywoodski re\u017eiser in njegova \u017eena, umoril naj bi ju sin<\/p>\n<p>    <\/a><\/p>\n<p>Zdaj je njegov starej\u0161i brat, 35-letni Jake, za losangele\u0161ko podru\u017enico televizije ABC prvi\u010d spregovoril o tem, kako se spopada s smrtjo star\u0161ev. \u00bbNih\u010de zares ne razume, kako je iti skozi nekaj takega, dokler tega ne do\u017eivi sam,\u00ab je povedal. \u00bbMinilo je osem mesecev. Zdi se kot osem let in hkrati kot osem minut. Vsaki\u010d, ko se zbudim, se namre\u010d znova zavem svoje resni\u010dnosti.\u00ab<\/p>\n<p>\u00a0<\/p>\n<p>Jake Reiner med intervjujem ni hotel govoriti o kazenskem postopku proti bratu, ki ga je omenil le enkrat. \u00bbNick je v zaporu. Ostala sva samo Romy in jaz in morava vse to v bistvu prebroditi sama,\u00ab je povedal. \u00bbPri meni se vse to ka\u017ee kot jeza. Kot bes. Zaradi tega, kako nepravi\u010dno je bilo, ker nisem imel nobene besede pri tem, kar se je zgodilo. Nisem mogel prepre\u010diti, da bi se zgodilo. Pri vsem tem nisem imel nobene izbire. Preprosto moram sprejeti resni\u010dnost. In to je zame najbolj frustrirajo\u010de pri vsem skupaj,\u00ab je \u0161e dodal.\u00a0<\/p>\n","protected":false},"excerpt":{"rendered":"Jake Reiner ni \u017eelel govoriti o kazenskem postopku proti bratu. Foto: instagram Brutalna dru\u017einska tragedija: Sin slavnega re\u017eiserja&hellip;\n","protected":false},"author":2,"featured_media":216750,"comment_status":"","ping_status":"","sticky":false,"template":"","format":"standard","meta":{"footnotes":"","_share_on_mastodon":"0"},"categories":[18],"tags":[9036,114,52851,10834,34481,62,37,58,60,38,2233,115],"class_list":["post-216749","post","type-post","status-publish","format-standard","has-post-thumbnail","category-zabava","tag-druzinska-tragedija","tag-entertainment","tag-jake-reiner","tag-kazenski-postopek","tag-rob-reiner","tag-si","tag-slovene","tag-slovenia","tag-slovenija","tag-slovenscina","tag-umor","tag-zabava"],"share_on_mastodon":{"url":"https:\/\/pubeurope.com\/@si\/117218579068206484","error":""},"_links":{"self":[{"href":"https:\/\/www.europesays.com\/si\/wp-json\/wp\/v2\/posts\/216749","targetHints":{"allow":["GET"]}}],"collection":[{"href":"https:\/\/www.europesays.com\/si\/wp-json\/wp\/v2\/posts"}],"about":[{"href":"https:\/\/www.europesays.com\/si\/wp-json\/wp\/v2\/types\/post"}],"author":[{"embeddable":true,"href":"https:\/\/www.europesays.com\/si\/wp-json\/wp\/v2\/users\/2"}],"replies":[{"embeddable":true,"href":"https:\/\/www.europesays.com\/si\/wp-json\/wp\/v2\/comments?post=216749"}],"version-history":[{"count":0,"href":"https:\/\/www.europesays.com\/si\/wp-json\/wp\/v2\/posts\/216749\/revisions"}],"wp:featuredmedia":[{"embeddable":true,"href":"https:\/\/www.europesays.com\/si\/wp-json\/wp\/v2\/media\/216750"}],"wp:attachment":[{"href":"https:\/\/www.europesays.com\/si\/wp-json\/wp\/v2\/media?parent=216749"}],"wp:term":[{"taxonomy":"category","embeddable":true,"href":"https:\/\/www.europesays.com\/si\/wp-json\/wp\/v2\/categories?post=216749"},{"taxonomy":"post_tag","embeddable":true,"href":"https:\/\/www.europesays.com\/si\/wp-json\/wp\/v2\/tags?post=216749"}],"curies":[{"name":"wp","href":"https:\/\/api.w.org\/{rel}","templated":true}]}}