{"id":216755,"date":"2026-09-05T13:10:08","date_gmt":"2026-09-05T13:10:08","guid":{"rendered":"https:\/\/www.europesays.com\/si\/216755\/"},"modified":"2026-09-05T13:10:08","modified_gmt":"2026-09-05T13:10:08","slug":"prost-vstop-prvo-nedeljo-v-mesecu-za-zdaj-zakonu-sledi-le-slap-savica","status":"publish","type":"post","link":"https:\/\/www.europesays.com\/si\/216755\/","title":{"rendered":"Prost vstop prvo nedeljo v mesecu? Za zdaj zakonu sledi le slap Savica"},"content":{"rendered":"<p>Obiskovalci naravnih znamenitosti, za katere je treba pla\u010dati vstopnino, bi morali imeti po zakonu vsako prvo nedeljo v mesecu\u00a0brezpla\u010den vstop. Pred prvo nedeljo v septembru smo preverili, kako je v praksi, in ugotovili, da\u00a0je vsaj za zdaj prost vstop le za <a href=\"https:\/\/www.delo.si\/novice\/slovenija\/za-slap-savica-od-jutri-spet-vstopnina\" target=\"_blank\" rel=\"nofollow noopener\">slap\u00a0Savica<\/a>.<\/p>\n<p>V kratkem naj bi izvajanje dolo\u010dila zagotovili za korita Mostnice in \u0160kocjanske jame, pri vseh drugih naravnih vrednotah se na izvedbo \u0161e pripravljajo\u00a0ali\u00a0pri\u010dakujejo ve\u010d pojasnil ministrstva za okolje in prostor. Tam vztrajajo, da je zadnji rok za izvedbo konec tega leta.\u00a0In \u010de jim to ne bo uspelo?\u00a0\u00bb\u010ce upravljavec oziroma skrbnik ne ravna v skladu z dolo\u010dbami zakona, so predvideni ukrepi pristojnih in\u0161pekcijskih slu\u017eb.\u00ab<\/p>\n","protected":false},"excerpt":{"rendered":"Obiskovalci naravnih znamenitosti, za katere je treba pla\u010dati vstopnino, bi morali imeti po zakonu vsako prvo nedeljo v&hellip;\n","protected":false},"author":2,"featured_media":216756,"comment_status":"","ping_status":"","sticky":false,"template":"","format":"standard","meta":{"footnotes":"","_share_on_mastodon":"0"},"categories":[6],"tags":[2784,59,61,62,37,58,60,38,20223,16459,488,4162],"class_list":["post-216755","post","type-post","status-publish","format-standard","has-post-thumbnail","category-slovenija","tag-bohinj","tag-republic-of-slovenia","tag-republika-slovenija","tag-si","tag-slovene","tag-slovenia","tag-slovenija","tag-slovenscina","tag-tnp","tag-triglavski-narodni-park","tag-turizem","tag-varovanje-okolja"],"share_on_mastodon":{"url":"https:\/\/pubeurope.com\/@si\/117218602331474925","error":""},"_links":{"self":[{"href":"https:\/\/www.europesays.com\/si\/wp-json\/wp\/v2\/posts\/216755","targetHints":{"allow":["GET"]}}],"collection":[{"href":"https:\/\/www.europesays.com\/si\/wp-json\/wp\/v2\/posts"}],"about":[{"href":"https:\/\/www.europesays.com\/si\/wp-json\/wp\/v2\/types\/post"}],"author":[{"embeddable":true,"href":"https:\/\/www.europesays.com\/si\/wp-json\/wp\/v2\/users\/2"}],"replies":[{"embeddable":true,"href":"https:\/\/www.europesays.com\/si\/wp-json\/wp\/v2\/comments?post=216755"}],"version-history":[{"count":0,"href":"https:\/\/www.europesays.com\/si\/wp-json\/wp\/v2\/posts\/216755\/revisions"}],"wp:featuredmedia":[{"embeddable":true,"href":"https:\/\/www.europesays.com\/si\/wp-json\/wp\/v2\/media\/216756"}],"wp:attachment":[{"href":"https:\/\/www.europesays.com\/si\/wp-json\/wp\/v2\/media?parent=216755"}],"wp:term":[{"taxonomy":"category","embeddable":true,"href":"https:\/\/www.europesays.com\/si\/wp-json\/wp\/v2\/categories?post=216755"},{"taxonomy":"post_tag","embeddable":true,"href":"https:\/\/www.europesays.com\/si\/wp-json\/wp\/v2\/tags?post=216755"}],"curies":[{"name":"wp","href":"https:\/\/api.w.org\/{rel}","templated":true}]}}