{"id":216757,"date":"2026-09-05T13:11:07","date_gmt":"2026-09-05T13:11:07","guid":{"rendered":"https:\/\/www.europesays.com\/si\/216757\/"},"modified":"2026-09-05T13:11:07","modified_gmt":"2026-09-05T13:11:07","slug":"pestro-je-v-kolonah-stojijo-na-treh-avtocestah","status":"publish","type":"post","link":"https:\/\/www.europesays.com\/si\/216757\/","title":{"rendered":"Pestro je: v kolonah stojijo na treh avtocestah"},"content":{"rendered":"<p>Prvi septembrski konec tedna zaznamuje pestro dogajanje na cestah po vsej dr\u017eavi. Na primorski avtocesti je trenutno skoraj 10 kilometrov dolg zastoj, na \u0161tajerski pa ve\u010d kot petkilometrski. Ve\u010dkilometrski zastoji nastajajo tudi pred predorom Karavanke in na nekaterih regionalnih cestah, je razvidno iz podatkov prometno-informacijskega centra.<\/p>\n<p>Zastoji so na ljubljanski zahodni in ju\u017eni obvoznici od Brda in Centra proti Primorski. Na primorski avtocesti je promet oviran med Uncem in po\u010divali\u0161\u010dem Ravbarkomanda proti Kopru. Med priklju\u010dkom Unec in Postojno je v smeri proti Obali trenutno skoraj 10 kilometrov dolg zastoj. Na primorski avtocesti so po podatkih Prometno-informacijskega centra zastoji tudi med Ljubljano in Dragomerjem proti Kopru ter med Vrhniko in Brezovico proti Ljubljani.<\/p>\n<p>Zaradi prometne nesre\u010de je pri Hra\u0161\u010dah trenutno zaprta regionalna cesta Postojna\u2013Razdrto. Obvoz je mogo\u010d po lokalni cesti skozi Hra\u0161\u010de.<\/p>\n<p>Zastoji tudi na \u0161tajerski in gorenjski avtocesti\u00a0<\/p>\n<p>Na \u0161tajerski avtocesti je med Slovensko Bistrico jug in Dramljami proti Ljubljani trenutno 5,5 kilometra dolg zastoj. Nekaj manj kot kilometer dolg zastoj je tudi pred \u0160entiljem proti Avstriji.<\/p>\n<p>Na gorenjski avtocesti je pred predorom Karavanke v smeri proti Avstriji tri kilometre dolg zastoj. Ob\u010dasno predor proti Avstriji zapirajo. Tri kilometre dolg zastoj je tudi na cesti Lesce\u2013Bled, ve\u010d kot \u0161tiri kilometre pa se vije kolona vozil na cesti Lucija\u2013Strunjan. Na cesti \u0160marje\u2013Koper je trenutno \u0161est kilometrov dolg zastoj, med Koprom in Dragonjo pa skoraj kilometer.<\/p>\n","protected":false},"excerpt":{"rendered":"Prvi septembrski konec tedna zaznamuje pestro dogajanje na cestah po vsej dr\u017eavi. Na primorski avtocesti je trenutno skoraj&hellip;\n","protected":false},"author":2,"featured_media":216758,"comment_status":"","ping_status":"","sticky":false,"template":"","format":"standard","meta":{"footnotes":"","_share_on_mastodon":"0"},"categories":[20],"tags":[731,32,35,31,34,36,827,37,60,38,33,4541],"class_list":["post-216757","post","type-post","status-publish","format-standard","has-post-thumbnail","category-novice","tag-avtocesta","tag-headlines","tag-najpomembnejse-novice","tag-news","tag-novice","tag-osrednje-novice","tag-promet","tag-slovene","tag-slovenija","tag-slovenscina","tag-top-stories","tag-zastoj"],"share_on_mastodon":{"url":"https:\/\/pubeurope.com\/@si\/117218605907265575","error":""},"_links":{"self":[{"href":"https:\/\/www.europesays.com\/si\/wp-json\/wp\/v2\/posts\/216757","targetHints":{"allow":["GET"]}}],"collection":[{"href":"https:\/\/www.europesays.com\/si\/wp-json\/wp\/v2\/posts"}],"about":[{"href":"https:\/\/www.europesays.com\/si\/wp-json\/wp\/v2\/types\/post"}],"author":[{"embeddable":true,"href":"https:\/\/www.europesays.com\/si\/wp-json\/wp\/v2\/users\/2"}],"replies":[{"embeddable":true,"href":"https:\/\/www.europesays.com\/si\/wp-json\/wp\/v2\/comments?post=216757"}],"version-history":[{"count":0,"href":"https:\/\/www.europesays.com\/si\/wp-json\/wp\/v2\/posts\/216757\/revisions"}],"wp:featuredmedia":[{"embeddable":true,"href":"https:\/\/www.europesays.com\/si\/wp-json\/wp\/v2\/media\/216758"}],"wp:attachment":[{"href":"https:\/\/www.europesays.com\/si\/wp-json\/wp\/v2\/media?parent=216757"}],"wp:term":[{"taxonomy":"category","embeddable":true,"href":"https:\/\/www.europesays.com\/si\/wp-json\/wp\/v2\/categories?post=216757"},{"taxonomy":"post_tag","embeddable":true,"href":"https:\/\/www.europesays.com\/si\/wp-json\/wp\/v2\/tags?post=216757"}],"curies":[{"name":"wp","href":"https:\/\/api.w.org\/{rel}","templated":true}]}}