{"id":216765,"date":"2026-09-05T13:26:14","date_gmt":"2026-09-05T13:26:14","guid":{"rendered":"https:\/\/www.europesays.com\/si\/216765\/"},"modified":"2026-09-05T13:26:14","modified_gmt":"2026-09-05T13:26:14","slug":"v-beogradu-priredili-spominsko-slovesnost-za-vojnega-zlocinca-ratka-mladica","status":"publish","type":"post","link":"https:\/\/www.europesays.com\/si\/216765\/","title":{"rendered":"V Beogradu priredili spominsko slovesnost za vojnega zlo\u010dinca Ratka Mladi\u0107a"},"content":{"rendered":"<p>\t\t\t\t\t\t\t\t<a href=\"https:\/\/www.europesays.com\/si\/wp-content\/uploads\/2026\/09\/67094274.jpg\" itemprop=\"contentUrl\" data-size=\"1200x800\" data-large=\"https:\/\/www.europesays.com\/si\/wp-content\/uploads\/2026\/09\/67094274.jpg\"><br \/>\n\t\t\t\t\t\t\t\t\t<img decoding=\"async\" src=\"https:\/\/www.europesays.com\/si\/wp-content\/uploads\/2026\/09\/67094274.jpg\" title=\"Spominska slovesnost za obsojenega vojnega zlo\u010dinca Ratka Mladi\u0107a. Foto: Reuters\" alt=\"Spominska slovesnost za obsojenega vojnega zlo\u010dinca Ratka Mladi\u0107a. Foto: Reuters\"\/><br \/>\n\t\t\t\t\t\t\t\t<\/a><\/p>\n<p>\t\t\t\t\t\t\t\t\tSpominska slovesnost za obsojenega vojnega zlo\u010dinca Ratka Mladi\u0107a. Foto: Reuters<\/p>\n<p>\t\t\t\t\t\t\t<a id=\"preferredSourceBanner\" href=\"https:\/\/www.rtvslo.si\/svet\/evropa\/v-beogradu-priredili-spominsko-slovesnost-za-vojnega-zlocinca-ratka-mladica\/javascript:void(0)\" target=\"_blank\" class=\"d-none align-items-center justify-content-between rounded my-3\" style=\"padding: 10px 15px;\" rel=\"nofollow noopener\"><br \/>\n\t\t\t\t\t\t<img decoding=\"async\" src=\"https:\/\/img.rtvslo.si\/_static\/novi\/img\/ico-google.svg\" class=\"flex-shrink-0 mr-3\" aria-hidden=\"true\"\/><br \/>\n\t\t\t\t\t\tSpremljajte RTVSLO.si kot prednostni vir na Google<\/p>\n<p>\t\t\t\t\t<\/a><\/p>\n<p>Na slovesnosti so bili tudi tudi \u010dlani Mladi\u0107eve dru\u017eine ter nekdanji pripadniki vojske Republike Srbske, pa tudi njegovi privr\u017eenci. Ti so bili oble\u010deni v \u010drno, nekateri pa so nosili majice s podobo Mladi\u0107a in napisom heroj. Ena od skupin je z avtobusom prispela tudi iz Bosne in Hercegovine.<\/p>\n<p>Oglas<\/p>\n<p>Mladi\u0107a, obsojenega vojnih zlo\u010dinov v BiH-u, bodo pokopali v ponedeljek na pokopali\u0161\u010du Top\u010dider. Srbski predsednik Aleksandar Vu\u010di\u0107 se pogreba ne bo udele\u017eil, kot razlog pa je navedel, da bo takrat na uradnem obisku v Srbiji uzbekistanski predsednik \u0160avkat Mirzijojev.<\/p>\n<p>Vu\u010di\u0107 je \u0161e povedal, da je organizacija pogreba v rokah Mladi\u0107eve dru\u017eine. Srbski minister za pravosodje Nenad Vuji\u0107, ki se je udele\u017eil sobotne spominske slovensnosti, je po smrti Mladi\u0107a omenil, da bi ga v Srbiji lahko pokopali z najvi\u0161jimi dr\u017eavnimi \u010dastmi, kar je spro\u017eilo obsodbe v regiji.<\/p>\n<p>Posmrtne ostanke nekdanjega generala so v Srbijo z Nizozemske z letalom prepeljali v \u010detrtek, nato so jih z letali\u0161\u010da v konvoju vozil prepeljali na Voja\u0161ko medicinsko akademijo, kjer naj bi na zahtevo njegove dru\u017eine opravili obdukcijo.<\/p>\n<p>Evropska komisarka za \u0161iritev Marta Kos je zaradi poveli\u010devanja Mladi\u0107a v Srbiji odpovedala obisk v tej dr\u017eavi, napovedan za sredo.<\/p>\n<p>Mladi\u0107 je v Haagu, kjer je prestajal dosmrtno zaporno kazen zaradi vojnih zlo\u010dinov in genocida med vojno v Bosni in Hercegovini med letoma 1992 in 1995, umrl 27. avgusta v 85. letu starosti.<\/p>\n<p>Pod poveljstvom Mladi\u0107a je vojska Republike Srbske zagre\u0161ila \u0161tevilne vojne zlo\u010dine. Mladi\u0107 je bil med drugim obsojen zaradi obleganja Sarajeva, med katerim je umrlo ve\u010d kot 12.000 civilistov, ter genocida v Srebrenici, kjer so sile bosanskih Srbov julija 1995 ubile ve\u010d kot 8000 Bo\u0161njakov.<\/p>\n<p>Oglas<\/p>\n","protected":false},"excerpt":{"rendered":"Spominska slovesnost za obsojenega vojnega zlo\u010dinca Ratka Mladi\u0107a. Foto: Reuters Spremljajte RTVSLO.si kot prednostni vir na Google Na&hellip;\n","protected":false},"author":2,"featured_media":216766,"comment_status":"","ping_status":"","sticky":false,"template":"","format":"standard","meta":{"footnotes":"","_share_on_mastodon":"0"},"categories":[3],"tags":[65,66,19584,37,38,780,10998,39213,5805],"class_list":["post-216765","post","type-post","status-publish","format-standard","has-post-thumbnail","category-evropa","tag-europe","tag-evropa","tag-ratko-mladic","tag-slovene","tag-slovenscina","tag-srbija","tag-srebrenica","tag-vojaske-casti","tag-vojni-zlocini"],"share_on_mastodon":{"url":"https:\/\/pubeurope.com\/@si\/117218665527158345","error":""},"_links":{"self":[{"href":"https:\/\/www.europesays.com\/si\/wp-json\/wp\/v2\/posts\/216765","targetHints":{"allow":["GET"]}}],"collection":[{"href":"https:\/\/www.europesays.com\/si\/wp-json\/wp\/v2\/posts"}],"about":[{"href":"https:\/\/www.europesays.com\/si\/wp-json\/wp\/v2\/types\/post"}],"author":[{"embeddable":true,"href":"https:\/\/www.europesays.com\/si\/wp-json\/wp\/v2\/users\/2"}],"replies":[{"embeddable":true,"href":"https:\/\/www.europesays.com\/si\/wp-json\/wp\/v2\/comments?post=216765"}],"version-history":[{"count":0,"href":"https:\/\/www.europesays.com\/si\/wp-json\/wp\/v2\/posts\/216765\/revisions"}],"wp:featuredmedia":[{"embeddable":true,"href":"https:\/\/www.europesays.com\/si\/wp-json\/wp\/v2\/media\/216766"}],"wp:attachment":[{"href":"https:\/\/www.europesays.com\/si\/wp-json\/wp\/v2\/media?parent=216765"}],"wp:term":[{"taxonomy":"category","embeddable":true,"href":"https:\/\/www.europesays.com\/si\/wp-json\/wp\/v2\/categories?post=216765"},{"taxonomy":"post_tag","embeddable":true,"href":"https:\/\/www.europesays.com\/si\/wp-json\/wp\/v2\/tags?post=216765"}],"curies":[{"name":"wp","href":"https:\/\/api.w.org\/{rel}","templated":true}]}}