{"id":216771,"date":"2026-09-05T13:29:11","date_gmt":"2026-09-05T13:29:11","guid":{"rendered":"https:\/\/www.europesays.com\/si\/216771\/"},"modified":"2026-09-05T13:29:11","modified_gmt":"2026-09-05T13:29:11","slug":"ruski-dron-zadel-sedez-ukrajinske-varnostne-sluzbe-zelenski-napovedal-oprijemljiv-odgovor","status":"publish","type":"post","link":"https:\/\/www.europesays.com\/si\/216771\/","title":{"rendered":"Ruski dron zadel sede\u017e ukrajinske varnostne slu\u017ebe, Zelenski napovedal \u201coprijemljiv odgovor\u201d"},"content":{"rendered":"<p style=\"text-align: justify;\">Ruske oboro\u017eene sile so napadle sede\u017e ukrajinske varnostne slu\u017ebe SBU. V napadu z brezpilotnim letalnikom je bilo po\u0161kodovanih vsaj 12 ljudi. Ukrajinske oblasti so \u017ee napovedale odgovor. V napadu je bila po\u0161kodovana tudi bli\u017enja kavarna.<\/p>\n<p style=\"text-align: justify;\">Dron oz. brezpilotni letalnik naj bi bil usmerjen v pisarno, ki jo uporablja vodja omenjene varnostne slu\u017ebe Oleksandr Poklad. Napad o\u010ditno ni bil uspe\u0161en, saj je ukrajinski predsednik dejal, da je po napadu z njim govoril in mu naro\u010dil \u201custrezen, oprijemljiv odgovor\u201d, poro\u010da BBC.<\/p>\n<p> Preberite \u0161e: <a href=\"https:\/\/nova24tv.si\/video-mati-in-hci-odklonili-26-milijonov-dolarjev-za-njuno-posest\/\" rel=\"nofollow noopener\" target=\"_blank\">[VIDEO] Mati in h\u010di odklonili 26 milijonov dolarjev za njuno posest<\/a><\/p>\n<p style=\"text-align: justify;\">Zelenski je na dru\u017ebenem omre\u017eju Telegram objavil, da so bile po napadu na kraj napotene slu\u017ebe za nujno pomo\u010d in da bodo vsi prizadeti prejeli potrebno pomo\u010d. Gasilci so kmalu po prihodu na lokacijo uspeli pogasiti ogenj. Gre sicer za redek primer, ko so ruske oboro\u017eene sile uspele zadeti vladno poslopje v Ukrajini.<\/p>\n<p style=\"text-align: justify;\">\u201cPokladu sem naro\u010dil, naj Rusom, ko bo vse pripravljeno, zagotovi ustrezen, oprijemljiv odgovor in, kjer bo to mogo\u010de, tak\u0161nega, ki bo zrcalil ta napad. Na\u0161a vojska bo ta odgovor podprla,\u201d je sporo\u010dil Zelenski.<\/p>\n<p dir=\"ltr\" lang=\"en\">\u26a1\ufe0f BREAKING: Attempted assassination of the head of Ukraine\u2019s intelligence service<\/p>\n<p>Russian Shahed drone strikes the Security Service of Ukraine (SBU) building in Kyiv.<\/p>\n<p>President Zelenskyy said the following:<\/p>\n<p>\u201cThe drone was directed straight at the office of the head of the SBU\u2026 <a href=\"https:\/\/t.co\/DRax4RI0Kb\" rel=\"nofollow\">pic.twitter.com\/DRax4RI0Kb<\/a><\/p>\n<p>\u2014 NEXTA (@nexta_tv) <a href=\"https:\/\/x.com\/nexta_tv\/status\/2095864456077361519?ref_src=twsrc%5Etfw\" rel=\"nofollow\">September 4, 2026<\/a><\/p>\n<p style=\"text-align: justify;\">Napad hkrati ka\u017ee, da ruski napadi postajajo vse natan\u010dnej\u0161i, in predstavlja signal, da se bodo ruski napadi okrepili pred morebitnim ameri\u0161kim posredovanjem. Rusija v zadnjih napadih v ve\u010dji meri uporablja drone na reaktivni pogon. Ti so hitrej\u0161i in jih je posledi\u010dno te\u017eje prestre\u010di.<\/p>\n<p style=\"text-align: justify;\">Da je treba na napad odlo\u010dno odgovoriti, je povedal tudi ukrajinski zunanji minister Andrij Sibiha. \u201cMoskva je ta napad izvedla v \u010dasu obnovljenih prizadevanj za mir in s tem razkrila svoje resni\u010dno zavra\u010danje diplomacije,\u201d je dodal.<\/p>\n<p style=\"text-align: justify;\">Kot \u017ee re\u010deno, je bila v napadu po\u0161kodovana tudi kavarna, del verige Zavertailo. Lastnik verige je povedal, da gre \u017ee za tretjo kavarno, ki je bila po\u0161kodovana v napadih od za\u010detka ruske invazije.<\/p>\n<p style=\"text-align: justify;\">\u017d. K.<\/p>\n<p><script async src=\"https:\/\/platform.twitter.com\/widgets.js\" charset=\"utf-8\"><\/script><\/p>\n","protected":false},"excerpt":{"rendered":"Ruske oboro\u017eene sile so napadle sede\u017e ukrajinske varnostne slu\u017ebe SBU. V napadu z brezpilotnim letalnikom je bilo po\u0161kodovanih&hellip;\n","protected":false},"author":2,"featured_media":216772,"comment_status":"","ping_status":"","sticky":false,"template":"","format":"standard","meta":{"footnotes":"","_share_on_mastodon":"0"},"categories":[20],"tags":[4010,32,35,529,31,34,36,421,52061,37,60,38,64,33,71],"class_list":["post-216771","post","type-post","status-publish","format-standard","has-post-thumbnail","category-novice","tag-dron","tag-headlines","tag-najpomembnejse-novice","tag-napad","tag-news","tag-novice","tag-osrednje-novice","tag-rusija","tag-sbu","tag-slovene","tag-slovenija","tag-slovenscina","tag-svet","tag-top-stories","tag-ukrajina"],"share_on_mastodon":{"url":"https:\/\/pubeurope.com\/@si\/117218676990666063","error":""},"_links":{"self":[{"href":"https:\/\/www.europesays.com\/si\/wp-json\/wp\/v2\/posts\/216771","targetHints":{"allow":["GET"]}}],"collection":[{"href":"https:\/\/www.europesays.com\/si\/wp-json\/wp\/v2\/posts"}],"about":[{"href":"https:\/\/www.europesays.com\/si\/wp-json\/wp\/v2\/types\/post"}],"author":[{"embeddable":true,"href":"https:\/\/www.europesays.com\/si\/wp-json\/wp\/v2\/users\/2"}],"replies":[{"embeddable":true,"href":"https:\/\/www.europesays.com\/si\/wp-json\/wp\/v2\/comments?post=216771"}],"version-history":[{"count":0,"href":"https:\/\/www.europesays.com\/si\/wp-json\/wp\/v2\/posts\/216771\/revisions"}],"wp:featuredmedia":[{"embeddable":true,"href":"https:\/\/www.europesays.com\/si\/wp-json\/wp\/v2\/media\/216772"}],"wp:attachment":[{"href":"https:\/\/www.europesays.com\/si\/wp-json\/wp\/v2\/media?parent=216771"}],"wp:term":[{"taxonomy":"category","embeddable":true,"href":"https:\/\/www.europesays.com\/si\/wp-json\/wp\/v2\/categories?post=216771"},{"taxonomy":"post_tag","embeddable":true,"href":"https:\/\/www.europesays.com\/si\/wp-json\/wp\/v2\/tags?post=216771"}],"curies":[{"name":"wp","href":"https:\/\/api.w.org\/{rel}","templated":true}]}}