{"id":216779,"date":"2026-09-05T13:41:09","date_gmt":"2026-09-05T13:41:09","guid":{"rendered":"https:\/\/www.europesays.com\/si\/216779\/"},"modified":"2026-09-05T13:41:09","modified_gmt":"2026-09-05T13:41:09","slug":"norveski-tekaski-zvezdnik-ostro-nad-tekmece","status":"publish","type":"post","link":"https:\/\/www.europesays.com\/si\/216779\/","title":{"rendered":"Norve\u0161ki teka\u0161ki zvezdnik ostro nad tekmece"},"content":{"rendered":"<p>Zvezdnik svetovne atletike Jakob Ingebrigtsen je po petkovem finalu diamantne lige v Bruslju, kjer je kon\u010dal na \u010detrtem mestu, ostro kritiziral svoje tekmece in jih ozna\u010dil za strahopetce in zgube. Petindvajsetletnik je bil ob vrnitvi po \u0161tevilnih po\u0161kodbah kriti\u010den do taktike nasprotnikov, hkrati pa napovedal velike dose\u017eke v prihodnosti.<\/p>\n<p>Olimpijski prvak Ingebrigtsen je razdaljo pretekel v \u010dasu 3:30,52, kar je njegov najbolj\u0161i dose\u017eek sezone. Zmagal je Avstralec Cameron Myers s \u010dasom 3:30,14.<\/p>\n<p>&#8220;Tekmoval sem proti kopici strahopetcev&#8221;<\/p>\n<p>Ingebrigtsen je po finalnem teku na 1500 metrov na finalu diamantne lige v Bruslju ostro kritiziral svoje tekmece. &#8220;Tekmoval sem proti kopici strahopetcev,&#8221; je dejal Norve\u017ean po tekmi, ki jo je kon\u010dal na \u010detrtem mestu.<\/p>\n<p>Ingebrigtsen, ki je sicer znan po takti\u010dno preudarnem teku, je tokrat v konkurenci svetovnega razreda \u017ee zgodaj narekoval tempo. Vendar pa so v ciljni ravnini mimo 25-letnika \u0161vignili njegovi najmo\u010dnej\u0161i tekmeci, vklju\u010dno z zmagovalcem Myersom.<\/p>\n<p>&#8220;Prekleto, kak\u0161na dru\u0161\u010dina &#8216;luzerjev&#8217;, proti katerim tekmujem. Izgubim, nisem dovolj dober. Po\u0161teno se potrudim in te\u010dem na zmago, a nisem dovolj mo\u010dan. Tako pa\u010d je trenutno, ampak prekleto, kak\u0161na dru\u0161\u010dina luzerjev,&#8221; je po tekmi besede Ingebrigtsna prenesla norve\u0161ka televizijska hi\u0161a NRK.<\/p>\n<p><img decoding=\"async\" alt=\"\" danes=\"\" se=\"\" ravno=\"\" ne=\"\" morem=\"\" hvaliti=\"\" ampak=\"\" pri=\"\" bogu=\"\" kak=\"\" dru=\"\" foto:=\"\" guliverimage=\"\" class=\"article_content__inline_image js_imageLightbox is-clickable\" data-author=\"Guliverimage\" data-caption=\"&quot;Danes se ravno ne morem hvaliti, ampak pri bogu, kak\u0161na dru\u0161\u010dina.&quot;\" data-height=\"3293\" data-href=\"https:\/\/siol.net\/media\/img\/07\/a4\/3025ca745bee71451e62-jakob-ingebrigtsen.jpeg\" data-width=\"4940\" loading=\"lazy\" src=\"\/media\/img\/4a\/1a\/ccff691785e65056ba80-jakob-ingebrigtsen.jpeg\" title=\"Jakob Ingebrigtsen\"\/><\/p>\n<p> &#8220;Danes se ravno ne morem hvaliti, ampak pri bogu, kak\u0161na dru\u0161\u010dina.&#8221;<br \/>\n Foto: Guliverimage <\/p>\n<p>Najbolj ga je razjezilo, da so \u010dakali do zadnjih metrov<\/p>\n<p>Nad na\u010dinom teka svojih tekmecev pa ni bil navdu\u0161en. &#8220;Danes se ravno ne morem hvaliti, ampak pri bogu, kak\u0161na dru\u0161\u010dina. Narekovalec tempa pred mano je opravil slabo delo. Drugi so trenutno precej bolj\u0161i od mene, a moj bog &#8230; Potem pa napadejo \u0161ele 50 metrov pred ciljem,&#8221; je vzdihnil razo\u010darani Ingebrigtsen, ki je v Bruslju prek ciljne \u010drte pri\u0161el opotekajo\u010d se in precej utrujen.<\/p>\n<p>Tekmecem \u017ee poslal opozorilo: &#8220;Povsem jih bom dotolkel&#8221;<\/p>\n<p>Drugi teka\u010di so bili po njegovem &#8220;na smrt prestra\u0161eni&#8221;, je poudaril. &#8220;Res se veselim vrnitve \u010dez nekaj mesecev. Takrat jih bom povsem dotolkel,&#8221; je \u0161e dejal norve\u0161ki teka\u0161ki zvezdnik, ki je osvojil olimpijsko zlato na 1500 metrov v Tokiu (2021) in na 5000 metrov v Parizu (2024).<\/p>\n<p>Ingebrigtsnu so letos te\u017eave povzro\u010dale bole\u010dine v Ahilovi tetivi. Kljub temu je pred skoraj mesecem dni na evropskem prvenstvu v Birminghamu osvojil zlato na 5000 metrov.<\/p>\n<p>Preberite \u0161e:<\/p>\n","protected":false},"excerpt":{"rendered":"Zvezdnik svetovne atletike Jakob Ingebrigtsen je po petkovem finalu diamantne lige v Bruslju, kjer je kon\u010dal na \u010detrtem&hellip;\n","protected":false},"author":2,"featured_media":216780,"comment_status":"","ping_status":"","sticky":false,"template":"","format":"standard","meta":{"footnotes":"","_share_on_mastodon":"0"},"categories":[16],"tags":[247,47189,62,37,58,60,38,94,93],"class_list":["post-216779","post","type-post","status-publish","format-standard","has-post-thumbnail","category-sport","tag-atletika","tag-jakob-ingebrigtsen","tag-si","tag-slovene","tag-slovenia","tag-slovenija","tag-slovenscina","tag-sport","tag-sports"],"share_on_mastodon":{"url":"https:\/\/pubeurope.com\/@si\/117218724204272850","error":""},"_links":{"self":[{"href":"https:\/\/www.europesays.com\/si\/wp-json\/wp\/v2\/posts\/216779","targetHints":{"allow":["GET"]}}],"collection":[{"href":"https:\/\/www.europesays.com\/si\/wp-json\/wp\/v2\/posts"}],"about":[{"href":"https:\/\/www.europesays.com\/si\/wp-json\/wp\/v2\/types\/post"}],"author":[{"embeddable":true,"href":"https:\/\/www.europesays.com\/si\/wp-json\/wp\/v2\/users\/2"}],"replies":[{"embeddable":true,"href":"https:\/\/www.europesays.com\/si\/wp-json\/wp\/v2\/comments?post=216779"}],"version-history":[{"count":0,"href":"https:\/\/www.europesays.com\/si\/wp-json\/wp\/v2\/posts\/216779\/revisions"}],"wp:featuredmedia":[{"embeddable":true,"href":"https:\/\/www.europesays.com\/si\/wp-json\/wp\/v2\/media\/216780"}],"wp:attachment":[{"href":"https:\/\/www.europesays.com\/si\/wp-json\/wp\/v2\/media?parent=216779"}],"wp:term":[{"taxonomy":"category","embeddable":true,"href":"https:\/\/www.europesays.com\/si\/wp-json\/wp\/v2\/categories?post=216779"},{"taxonomy":"post_tag","embeddable":true,"href":"https:\/\/www.europesays.com\/si\/wp-json\/wp\/v2\/tags?post=216779"}],"curies":[{"name":"wp","href":"https:\/\/api.w.org\/{rel}","templated":true}]}}