{"id":216785,"date":"2026-09-05T13:47:08","date_gmt":"2026-09-05T13:47:08","guid":{"rendered":"https:\/\/www.europesays.com\/si\/216785\/"},"modified":"2026-09-05T13:47:08","modified_gmt":"2026-09-05T13:47:08","slug":"bizarno-razkritje-po-umoru-treh-otrok-moz-takoj-po-tragediji-na-dopust-donacije-pa-porabil-za-luksuz-ljudje-popenili","status":"publish","type":"post","link":"https:\/\/www.europesays.com\/si\/216785\/","title":{"rendered":"Bizarno razkritje po umoru treh otrok: mo\u017e takoj po tragediji na dopust, donacije pa porabil za luksuz?! Ljudje popenili"},"content":{"rendered":"<p>Reflektorji ameri\u0161ke in svetovne javnosti so usmerjeni <a href=\"https:\/\/slovenskenovice.delo.si\/novice\/kronika\/na-tujem\/to-je-mama-ki-je-zaslisala-glas-in-umorila-svoje-tri-otroke-pred-tragedijo-je-obupano-iskala-psihiatricno-pomoc-foto-in-video\" target=\"_blank\" rel=\"nofollow noopener\">v sodni postopek proti 36-letni Lindsay Clancy<\/a>.\u00a0Januarja 2023 je v Duxburyju v zvezni dr\u017eavi Massachusetts z vadbenimi trakovi zadavila svoje tri otroke \u2014 petletno Coro, triletnega Dawsona in osemmese\u010dnega Callana \u2014, nato pa si prerezala \u017eile na rokah in vrat, sko\u010dila skozi okno in zaradi po\u0161kodb ohromela od pasu navzdol. Sodnik William Sullivan je po sedmih dneh oziroma ve\u010d kot 36 urah neuspe\u0161nega posvetovanja porote sojenje razglasil za neveljavno, saj <a href=\"https:\/\/slovenskenovice.delo.si\/novice\/kronika\/na-tujem\/sojenje-mami-ki-naj-bi-v-poporodni-psihozi-zaslisala-glas-in-umorila-svoje-tri-otroke-vse-bolj-zapleteno-foto\" target=\"_blank\" rel=\"nofollow noopener\">porotniki niso dosegli soglasja o njeni krivdi.<\/a><\/p>\n<p>Obramba je ves \u010das trdila, da je Clancy delovala pod vplivom hude poporodne psihoze in \u0161tevilnih predpisanih zdravil ter da v trenutku dejanja ni lo\u010dila med dobrim in zlim. To\u017eilstvo je po drugi strani dokazovalo, da je bil zlo\u010din na\u010drtovan. Pred umorom je mo\u017ea Patricka poslala po ve\u010derjo in zdravila ter na telefonu preverjala, koliko \u010dasa bo odsoten. Nova obravnava je razpisana za 29. september, ko bo jasno, ali bo to\u017eilstvo zahtevalo novo sojenje, ponudilo sporazum ali odstopilo od obto\u017eb. V zvezi s primerom\u00a0se je oglasil celo ameri\u0161ki predsednik\u00a0Donald Trump, ki je dejanje ozna\u010dil za \u00bbgrozno\u00a0tragedijo\u00ab in dodal, <a href=\"https:\/\/slovenskenovice.delo.si\/bulvar\/tuji-traci\/slovenska-vplivnica-pretresena-ob-primeru-matere-ki-je-ubila-svoje-tri-otroke-video\" target=\"_blank\" rel=\"nofollow noopener\">da bo morala obto\u017eena pla\u010dati za dejanje.<\/a><\/p>\n<p>Bizarno vedenje mo\u017ea tik po umorih<\/p>\n<p>Dodatno ogor\u010denje pa je v javnosti spro\u017eilo ravnanje o\u010deta in mo\u017ea Patricka Clancyja. Na dru\u017ebenih omre\u017ejih se je namre\u010d razplamtel val ostrega sarkazma nad njegovimi potezami po tragediji, saj mu uporabniki o\u010ditajo brezbri\u017enost do celotne situacije.<\/p>\n<p>Mnogi opozarjajo, da je Patrick\u00a0manj kot mesec dni po smrti treh otrok odpotoval na dopust v Kostariko in na spletu celo pustil oceno s petimi zvezdicami za tamkaj\u0161njo pohodni\u0161ko pot. Sredstva s platforme GoFundMe, kjer so dobrotniki\u00a0za pomo\u010d domnevno \u017ealujo\u010demu o\u010detu zbrali kar 1,7 milijona dolarjev (okrog 1,5 milijona evrov), naj bi uporabil za v\u010dlanitev v ekskluzivni jahtni klub, selitev v stanovanje v presti\u017eni newyor\u0161ki \u010detrti Upper East Side ter prodajo\u00a0hi\u0161e, v kateri so bili umorjeni njegovi otroci. Ostanke vseh treh otrok je shranil v eni sami \u017eari, javnost pa je dodatno razburilo dejstvo, da si je zelo hitro\u00a0na\u0161el novo partnerico, ki je po mnenju mnogih na las podobna njegovi \u017eeni.<\/p>\n<p><img decoding=\"async\" class=\"article__img-tag-visible\" src=\"https:\/\/www.europesays.com\/si\/wp-content\/uploads\/2026\/09\/3717785.width-660.format-webp.webp\" alt=\"Sredstva, ki\u00a0so jih zbrali dobrotniki, naj bi Patrick Clancy uporabil za v\u010dlanitev v ekskluzivni jahtni klub in selitev v presti\u017eno \u010detrt.\u00a0FOTO: David L. Ryan Via Reuters\" img_id=\"11791491\" data-img-id=\"11791491\"\/><\/p>\n<p>Sredstva, ki\u00a0so jih zbrali dobrotniki, naj bi Patrick Clancy uporabil za v\u010dlanitev v ekskluzivni jahtni klub in selitev v presti\u017eno \u010detrt.\u00a0FOTO: David L. Ryan Via Reuters<\/p>\n<p>Javnost zgro\u017eena<\/p>\n<p>Odzivi javnosti so izjemno ostri in polni cinizma. Eden od komentatorjev je na spletu zapisal: \u00bbPorota se na tej to\u010dki odlo\u010da dlje, kot so policisti potrebovali za preiskavo. To\u017eilstvo me je prepri\u010dalo, da je nedol\u017ena.\u00ab Drugi se je obregnil ob njegove odlo\u010ditve \u017ee pred tragedijo: \u00bbNe pozabimo, da so se njegove te\u017eave za\u010dele \u017ee veliko prej, preden je izgubil dru\u017eino. Predstavljajte si, da morate iti na smu\u010danje, medtem ko je va\u0161a \u017eena v psihiatri\u010dni bolni\u0161nici. To mora biti uni\u010dujo\u010de in lahko si le predstavljam, kako te\u017eko mu je bilo u\u017eivati na po\u010ditnicah,\u00ab je zapisal z obilico sarkazma. \u00bbZelo nenavadno. \u010ce bi \u017ealoval\u00a0za svojimi tremi otroki, ne bi pisal ocen za pohodni\u0161ko pot v Kostariki,\u00ab je zapisal nekdo, druga\u00a0pa: \u00bb\u010ce bi moje otroke umoril moj zakonski partner, mislim, da se 19 dni pozneje ne bi mogla\u00a0niti prhati, kaj \u0161ele, da bi se smejala in zabavala v Kostariki.\u00ab<\/p>\n<p>Nekateri so v komentarjih delili lastne te\u017eke izku\u0161nje in potegnili vzporednice z njegovim nastopom na sodi\u0161\u010du: \u00bbPred tremi leti sem v prometni nesre\u010di izgubil vnuka in o tem sploh ne morem govoriti, ne da bi poto\u010dil solzo. \u010ce bi on res verjel, da je to storila Lindsay, in bi pri\u010dal o podrobnostih ter o tem, kako je na\u0161el trupla, bi bil \u010dustven. On pa je bil popolnoma druga\u010den.\u00ab Neki uporabnik pa je na kratko povzel ob\u010de mnenje: \u00bb\u010ce bi moj zakonec umoril moje otroke, bi bila vsak dan na sodi\u0161\u010du, da se prepri\u010dam, da bo strohnel v zaporu. Ne bi bila z novo \u017eeno v New Yorku.\u00ab<\/p>\n","protected":false},"excerpt":{"rendered":"Reflektorji ameri\u0161ke in svetovne javnosti so usmerjeni v sodni postopek proti 36-letni Lindsay Clancy.\u00a0Januarja 2023 je v Duxburyju&hellip;\n","protected":false},"author":2,"featured_media":216786,"comment_status":"","ping_status":"","sticky":false,"template":"","format":"standard","meta":{"footnotes":"","_share_on_mastodon":"0"},"categories":[20],"tags":[23368,21652,1844,32,37646,42725,35,31,34,36,503,52854,42727,37,38,864,2274,33,9908,2233],"class_list":["post-216785","post","type-post","status-publish","format-standard","has-post-thumbnail","category-novice","tag-bizarno","tag-detomor","tag-druzina","tag-headlines","tag-kostarika","tag-lindsay-clancy","tag-najpomembnejse-novice","tag-news","tag-novice","tag-osrednje-novice","tag-otroci","tag-patrick-clancy","tag-poporodna-psihoza","tag-slovene","tag-slovenscina","tag-sodisce","tag-sojenje","tag-top-stories","tag-trojni-umor","tag-umor"],"share_on_mastodon":{"url":"https:\/\/pubeurope.com\/@si\/117218748040296829","error":""},"_links":{"self":[{"href":"https:\/\/www.europesays.com\/si\/wp-json\/wp\/v2\/posts\/216785","targetHints":{"allow":["GET"]}}],"collection":[{"href":"https:\/\/www.europesays.com\/si\/wp-json\/wp\/v2\/posts"}],"about":[{"href":"https:\/\/www.europesays.com\/si\/wp-json\/wp\/v2\/types\/post"}],"author":[{"embeddable":true,"href":"https:\/\/www.europesays.com\/si\/wp-json\/wp\/v2\/users\/2"}],"replies":[{"embeddable":true,"href":"https:\/\/www.europesays.com\/si\/wp-json\/wp\/v2\/comments?post=216785"}],"version-history":[{"count":0,"href":"https:\/\/www.europesays.com\/si\/wp-json\/wp\/v2\/posts\/216785\/revisions"}],"wp:featuredmedia":[{"embeddable":true,"href":"https:\/\/www.europesays.com\/si\/wp-json\/wp\/v2\/media\/216786"}],"wp:attachment":[{"href":"https:\/\/www.europesays.com\/si\/wp-json\/wp\/v2\/media?parent=216785"}],"wp:term":[{"taxonomy":"category","embeddable":true,"href":"https:\/\/www.europesays.com\/si\/wp-json\/wp\/v2\/categories?post=216785"},{"taxonomy":"post_tag","embeddable":true,"href":"https:\/\/www.europesays.com\/si\/wp-json\/wp\/v2\/tags?post=216785"}],"curies":[{"name":"wp","href":"https:\/\/api.w.org\/{rel}","templated":true}]}}