{"id":216841,"date":"2026-09-05T14:59:12","date_gmt":"2026-09-05T14:59:12","guid":{"rendered":"https:\/\/www.europesays.com\/si\/216841\/"},"modified":"2026-09-05T14:59:12","modified_gmt":"2026-09-05T14:59:12","slug":"24-letnica-pretepena-do-smrti-le-streljaj-od-slovenske-meje","status":"publish","type":"post","link":"https:\/\/www.europesays.com\/si\/216841\/","title":{"rendered":"24-letnica pretepena do smrti le streljaj od slovenske meje"},"content":{"rendered":"<p>Znane so grozljive podrobnosti.<\/p>\n<p>V nadaljevanju preberite:<\/p>\n<p>Mlado \u017eensko so mrtvo na\u0161li v stanovanju v sredi\u0161\u010du Gradca.<br \/>\nPolicisti so na stopni\u0161\u010du prijeli okrvavljenega 23-letnega osumljenca.<br \/>\nOsumljenec je brat njenega fanta.<\/p>\n<p>24-letna Albanka je bila v \u010detrtek ubita v svojem stanovanju v <a href=\"https:\/\/www.zurnal24.si\/kljucne-besede\/gradec-9094\/articles\" rel=\"nofollow noopener\" target=\"_blank\">Gradcu<\/a>\u00a0v okolici Bischofplatza. Aretirali so 23-letnika, na katerega so policisti naleteli na stopni\u0161\u010du, ko so bili napoteni na kraj zlo\u010dina.\u00a0Po besedah \u200b\u200b\u200b\u200bo\u010dividcev je bil mo\u0161ki ves krvav.<\/p>\n<p>Osumljenec je brat njenega fanta<\/p>\n<p>23-letnik je po poro\u010danju \u010dasopisa Kronen Zeitung\u00a0brat partnerja umorjene \u017eenske. 24-letnica je v stanovanju \u017eivela s svojim\u00a0fantom, dr\u017eavljanom Avstrije, vendar policija meni, da je bila v \u010dasu zlo\u010dina sama doma. Osumljenec naj bi namre\u010d vdrl v stanovanje.<\/p>\n<p>Obdukcija je pokazala, da je umrla zaradi hudih po\u0161kodb glave.\u00a0Poro\u010dila ka\u017eejo, da je bilo pri napadu morda uporabljeno kladivo, uradne potrditve o tem pa \u0161e ni.\u00a0Po besedah \u200b\u200b\u200b\u200bo\u010dividcev sicer iz stanovanja ni bilo sli\u0161ati ne krikov ne strelov.<\/p>\n<p>Trenutno ni\u00a0informacij o\u00a0motivu. Po aretaciji so osumljenca odpeljali v zapor Graz-Jakomini. &#8220;Obdukcija je bila kon\u010dana v petek, zasli\u0161anje posameznikov iz dru\u017eabnih krogov osumljenca in \u017ertve pa \u0161e poteka,&#8221; je\u00a0povedal tiskovni predstavnik policije Sabri Yorgun. 23-letnik je med zasli\u0161anjem sicer izkoristil svojo pravico do molka. O zaporedju dogodkov ali ozadju kaznivega dejanja ni \u017eelel govoriti.\u00a0<\/p>\n<p><a href=\"https:\/\/www.zurnal24.si\/svet\/mailto:dezurni@styria-media.si\" rel=\"nofollow noopener\" target=\"_blank\">dezurni@styria-media.si<\/a><\/p>\n","protected":false},"excerpt":{"rendered":"Znane so grozljive podrobnosti. V nadaljevanju preberite: Mlado \u017eensko so mrtvo na\u0161li v stanovanju v sredi\u0161\u010du Gradca. Policisti&hellip;\n","protected":false},"author":2,"featured_media":216842,"comment_status":"","ping_status":"","sticky":false,"template":"","format":"standard","meta":{"footnotes":"","_share_on_mastodon":"0"},"categories":[20],"tags":[360,5335,32,35,31,34,36,5886,52865,37,38,584,33],"class_list":["post-216841","post","type-post","status-publish","format-standard","has-post-thumbnail","category-novice","tag-avstrija","tag-gradec","tag-headlines","tag-najpomembnejse-novice","tag-news","tag-novice","tag-osrednje-novice","tag-pretep","tag-pretepena","tag-slovene","tag-slovenscina","tag-smrt","tag-top-stories"],"share_on_mastodon":{"url":"https:\/\/pubeurope.com\/@si\/117219030619946240","error":""},"_links":{"self":[{"href":"https:\/\/www.europesays.com\/si\/wp-json\/wp\/v2\/posts\/216841","targetHints":{"allow":["GET"]}}],"collection":[{"href":"https:\/\/www.europesays.com\/si\/wp-json\/wp\/v2\/posts"}],"about":[{"href":"https:\/\/www.europesays.com\/si\/wp-json\/wp\/v2\/types\/post"}],"author":[{"embeddable":true,"href":"https:\/\/www.europesays.com\/si\/wp-json\/wp\/v2\/users\/2"}],"replies":[{"embeddable":true,"href":"https:\/\/www.europesays.com\/si\/wp-json\/wp\/v2\/comments?post=216841"}],"version-history":[{"count":0,"href":"https:\/\/www.europesays.com\/si\/wp-json\/wp\/v2\/posts\/216841\/revisions"}],"wp:featuredmedia":[{"embeddable":true,"href":"https:\/\/www.europesays.com\/si\/wp-json\/wp\/v2\/media\/216842"}],"wp:attachment":[{"href":"https:\/\/www.europesays.com\/si\/wp-json\/wp\/v2\/media?parent=216841"}],"wp:term":[{"taxonomy":"category","embeddable":true,"href":"https:\/\/www.europesays.com\/si\/wp-json\/wp\/v2\/categories?post=216841"},{"taxonomy":"post_tag","embeddable":true,"href":"https:\/\/www.europesays.com\/si\/wp-json\/wp\/v2\/tags?post=216841"}],"curies":[{"name":"wp","href":"https:\/\/api.w.org\/{rel}","templated":true}]}}