{"id":216887,"date":"2026-09-05T16:10:09","date_gmt":"2026-09-05T16:10:09","guid":{"rendered":"https:\/\/www.europesays.com\/si\/216887\/"},"modified":"2026-09-05T16:10:09","modified_gmt":"2026-09-05T16:10:09","slug":"trumpova-odposlanca-prispela-v-moskvo-putin-medtem-sprejel-pomembno-odlocitev","status":"publish","type":"post","link":"https:\/\/www.europesays.com\/si\/216887\/","title":{"rendered":"Trumpova odposlanca prispela v Moskvo, Putin medtem sprejel pomembno odlo\u010ditev"},"content":{"rendered":"<p>    <img decoding=\"async\" data-lb-desktop=\"\/media\/2026\/09\/05\/860841\/Orig-2026-09-05T105112Z_1608921632_RC2YCNAXY22K_RTRMADP_5_UKRAINE-CRISIS-RUSSIA-USA-1200.webp\" data-lb-mobile=\"\/media\/2026\/09\/05\/860841\/Orig-2026-09-05T105112Z_1608921632_RC2YCNAXY22K_RTRMADP_5_UKRAINE-CRISIS-RUSSIA-USA-600.webp\" class=\"main-gallery-image se_image_lb\" src=\"https:\/\/www.europesays.com\/si\/wp-content\/uploads\/2026\/09\/Wide-2026-09-05T105112Z_1608921632_RC2YCNAXY22K_RTRMADP_5_UKRAINE-CRISIS-RUSSIA-USA-1000.webp\" alt=\"Russian presidential envoy\u00a0Kirill\u00a0Dmitriev greets U.S. special representatives Jared Kushner and Steve Witkoff upon their arrival at Vnukovo International Airport in Moscow, Russia, September 5, 2026. Photo\u00a0acquired\u00a0by\u00a0REUTERS\/via\u00a0REUTERS\u00a0THIS IMAGE HAS BEEN SUPPLIED BY A THIRD PARTY.\u00a0NO RESALES. NO ARCHIVES.\"\/><\/p>\n<p>Po poro\u010danju ruskih medijev sta odposlanca \u017ee prispela v rusko prestolnico, po navedbah Reutersa na letali\u0161\u010de Vnukovo, kjer ju je pri\u010dakal ruski predsedni\u0161ki odposlanec Kiril Dmitrijev. Foto: AP<\/p>\n<p>Trumpova odposlanca prispela v Moskvo, Putin medtem sprejel pomembno odlo\u010ditev<\/p>\n<p>Ruski predsednik Vladimir Putin bo zaradi obiska posebnih odposlancev ameri\u0161kega predsednika Donalda Trumpa za tri dni ustavil zra\u010dne napade na Kijev, je danes sporo\u010dil tiskovni predstavnik Kremlja Dmitrij Peskov. Prekinitev napadov bo za\u010dela veljati v nedeljo. Odposlanec ZDA Steve Witkoff in Trumpov zet Jared Kushner sta medtem \u017ee prispela v Moskvo, kjer se bosta predvidoma sestala s Putinom.<\/p>\n<p>                        05. 09. 2026, 15.25\n                    <\/p>\n<p> sta, agencije\n                    <\/p>\n<p>                        <a href=\"https:\/\/google.com\/preferences\/source?q=dnevnik.si\" class=\"se-author-gps-cta\" target=\"_blank\" rel=\"nofollow noopener\"><br \/>\n                            <img decoding=\"async\" class=\"se-author-gps-cta-badge\" src=\"https:\/\/www.europesays.com\/si\/wp-content\/uploads\/2026\/09\/1788624608_277_dnevnik_gps_badge.png\" alt=\"Google Preferred Sources CTA\"\/><br \/>\n                        <\/a><\/p>\n<p>Peskov je potrdil, da bo Putin danes sprejel Witkoffa in Kushnerja. Po poro\u010danju ruskih medijev sta odposlanca \u017ee prispela v rusko prestolnico, po navedbah Reutersa na letali\u0161\u010de Vnukovo, kjer ju je pri\u010dakal ruski predsedni\u0161ki odposlanec Kiril Dmitrijev.<\/p>\n<p>Witkoff in Kushner naj bi po pogovorih v Moskvi v nedeljo odpotovala v Kijev, kjer naj bi se prvi\u010d sestala z ukrajinskim predsednikom Volodimirjem Zelenskim. Namen njune poti je nadaljevanje diplomatskih prizadevanj ZDA za dogovor o kon\u010danju vojne v Ukrajini.<\/p>\n<p>        <img decoding=\"async\" data-lb-desktop=\"\/media\/2026\/09\/05\/860842\/Orig-2026-09-05T105236Z_1980803206_RC2YCNAEDTUD_RTRMADP_5_UKRAINE-CRISIS-RUSSIA-USA-1200.webp\" data-lb-mobile=\"\/media\/2026\/09\/05\/860842\/Orig-2026-09-05T105236Z_1980803206_RC2YCNAEDTUD_RTRMADP_5_UKRAINE-CRISIS-RUSSIA-USA-600.webp\" class=\"se_image se_image_lb\" src=\"https:\/\/www.europesays.com\/si\/wp-content\/uploads\/2026\/09\/Orig-2026-09-05T105236Z_1980803206_RC2YCNAEDTUD_RTRMADP_5_UKRAINE-CRISIS-RUSSIA-USA-1000.webp\" alt=\"Russian presidential envoy\u00a0Kirill\u00a0Dmitriev walks with U.S. special representatives Jared Kushner and Steve Witkoff upon their arrival at Vnukovo International Airport in Moscow, Russia, September 5, 2026. Photo\u00a0acquired\u00a0by\u00a0REUTERS\/via\u00a0REUTERS\u00a0THIS IMAGE HAS BEEN SUPPLIED BY A THIRD PARTY.\u00a0NO RESALES. NO ARCHIVES.\"\/><\/p>\n<p>Trump je v petek zve\u010der dejal, da Witkoffa in Kushnerja v Moskvo in Kijev po\u0161ilja s predlogom za kon\u010danje vojne v Ukrajini. Foto: Reuters<\/p>\n<p>Tridnevna prekinitev ruskih napadov je povezana z varnostjo ameri\u0161kih pogajalcev. Tudi Ukrajina je po predhodnih navedbah zagotovila, da med njunim obiskom ne bo izvajala zra\u010dnih napadov na Rusijo. Zelenski je Moskvo pozval k vzajemnemu premoru, s katerim bi zagotovili varnost ameri\u0161ke delegacije.<\/p>\n<p>Letalski promet ustavljen od leta 2022<\/p>\n<p>Napoved Kremlja prihaja po ve\u010d dneh intenzivnih ruskih napadov na Ukrajino. Zelenski je pred tem sporo\u010dil, da so ruske sile napadle kijevski letali\u0161\u010di \u0160uljani in Borispol. Ocenil je, da je \u0161lo za poskus ustvarjanja negotovosti pred prihodom ameri\u0161kih odposlancev, saj bi njun prihod v Ukrajino lahko zahteval uporabo letali\u0161\u010d v bli\u017eini prestolnice.<\/p>\n<p>    <a class=\"se-card__wrap se-card--link\" href=\"https:\/\/www.dnevnik.si\/novice\/svet\/v-plamenih-priljubljeno-putinovo-letovisce-ukrajinci-z-droni-napadli-soci-2825709\/\" data-upscore-url=\"\" rel=\"nofollow noopener\" target=\"_blank\"><\/p>\n<p>        <img decoding=\"async\" class=\"se-image se-image--card\" src=\"https:\/\/www.europesays.com\/si\/wp-content\/uploads\/2026\/09\/Wide-2026-09-04T112418Z_770722224_RC2BCNA8G434_RTRMADP_5_UKRAINE-CRISIS-ATTACK-SOCHI-400.webp\" alt=\"Smoke rises from an oil depot after a reported Ukrainian drone strike, in Krasnodar Krai, Russia, September 4, 2026, in this screengrab obtained a from social media video. Social Media\/via REUTERS THIS IMAGE HAS BEEN SUPPLIED BY A THIRD PARTY. NO RESALES. NO ARCHIVES. NEWS USE ONLY.  Verification Lines: Reuters verified the location from buildings, trees, road signs and road layout which matched archive and satellite imagery. Location of fire: 43.43425955252491, 39.93569264949287. The date was confirmed by local authorities in the Krasnodar region saying on Telegram that a Ukrainian drone strike caused a fire at an oil depot. NASA Firms also detected thermal activity at the location on September 4. No older versions of the video found posted online before September 4.\"\/><\/p>\n<p>Vojna<\/p>\n<p>V plamenih priljubljeno Putinovo letovi\u0161\u010de: Ukrajinci z droni napadli So\u010di<\/p>\n<p>    <\/a><\/p>\n<p>Civilni letalski promet nad Ukrajino je zaradi vojne ustavljen od za\u010detka ruske obse\u017ene invazije februarja 2022. Morebiten prihod Witkoffa in Kushnerja z letalom v Kijev bi zato zahteval posebne varnostne ukrepe.<\/p>\n<p>Kljub napovedanemu premoru so ruski napadi danes terjali nove \u017ertve. V mestu Kamianske v regiji Dnipropetrovsk je bilo v no\u010dnem ruskem raketnem napadu na industrijski objekt ubitih pet ljudi, \u0161e pet je bilo ranjenih, je sporo\u010dil vodja regionalne voja\u0161ke uprave Oleksandr Gan\u017ea, navaja \u0161panska tiskovna agencija EFE.<\/p>\n<p>Pogajanja v zadnjem \u010dasu zastala<\/p>\n<p>Trump je v petek zve\u010der dejal, da Witkoffa in Kushnerja v Moskvo in Kijev po\u0161ilja s predlogom za kon\u010danje vojne v Ukrajini. Zelenski je potrdil, da v Kijevu pri\u010dakujejo ameri\u0161ka odposlanca, in predlagal, da bi v \u010dasu njunih obiskov v Moskvi in Kijevu veljalo premirje med vojskujo\u010dima se stranema.<\/p>\n<p>    <a class=\"se-card__wrap se-card--link\" href=\"https:\/\/www.dnevnik.si\/novice\/svet\/vodja-ukrajinske-varnostne-sluzbe-sbu-je-bil-tarca-ruskega-napada-2825752\/\" data-upscore-url=\"\" rel=\"nofollow noopener\" target=\"_blank\"><\/p>\n<p>        <img decoding=\"async\" class=\"se-image se-image--card\" src=\"https:\/\/www.europesays.com\/si\/wp-content\/uploads\/2026\/09\/Wide-2026-09-04T142059Z_1953815339_RC2DCNA8CIS9_RTRMADP_5_UKRAINE-CRISIS-ATACK-SBU-400.webp\" alt=\"Firefighters work at a site of a building of the headquarters of Ukraine's SBU security service after a Russian drone strike, amid Russia's attack on Ukraine, in Kyiv, Ukraine September 4, 2026. REUTERS\/Gleb Garanich\"\/><\/p>\n<p>Vojna v Ukrajini<\/p>\n<p>Vodja ukrajinske varnostne slu\u017ebe SBU je bil tar\u010da ruskega napada<\/p>\n<p>    <\/a><\/p>\n<p>Prizadevanja za kon\u010danje vojne v Ukrajini, ki traja \u017ee ve\u010d kot \u0161tiri leta in pol, so v zadnjih mesecih zastala. Witkoff in Kushner sta v imenu ZDA \u017ee sodelovala pri diplomatskih prizadevanjih med Kijevom in Moskvo, vendar Kijeva doslej \u0161e nista obiskala. V Moskvi sta se nazadnje mudila januarja.<\/p>\n<p>Obisk Witkoffa in Kushnerja v Moskvi ter njun predvideni odhod v Kijev tako predstavljata nov poskus Washingtona za nadaljevanje diplomatskih prizadevanj za kon\u010danje vojne. Po dana\u0161njih pogovorih s Putinom naj bi se ameri\u0161ka odposlanca v nedeljo sre\u010dala \u0161e z Zelenskim.<\/p>\n","protected":false},"excerpt":{"rendered":"Po poro\u010danju ruskih medijev sta odposlanca \u017ee prispela v rusko prestolnico, po navedbah Reutersa na letali\u0161\u010de Vnukovo, kjer&hellip;\n","protected":false},"author":2,"featured_media":216888,"comment_status":"","ping_status":"","sticky":false,"template":"","format":"standard","meta":{"footnotes":"","_share_on_mastodon":"0"},"categories":[8],"tags":[438,22602,49667,421,37,38,2259,64,71,757,929,63],"class_list":["post-216887","post","type-post","status-publish","format-standard","has-post-thumbnail","category-svet","tag-diplomacija","tag-jared-kushner","tag-mirovni-pogovori","tag-rusija","tag-slovene","tag-slovenscina","tag-steve-witkoff","tag-svet","tag-ukrajina","tag-vladimir-putin","tag-vojna-v-ukrajini","tag-world"],"share_on_mastodon":{"url":"https:\/\/pubeurope.com\/@si\/117219310510506648","error":""},"_links":{"self":[{"href":"https:\/\/www.europesays.com\/si\/wp-json\/wp\/v2\/posts\/216887","targetHints":{"allow":["GET"]}}],"collection":[{"href":"https:\/\/www.europesays.com\/si\/wp-json\/wp\/v2\/posts"}],"about":[{"href":"https:\/\/www.europesays.com\/si\/wp-json\/wp\/v2\/types\/post"}],"author":[{"embeddable":true,"href":"https:\/\/www.europesays.com\/si\/wp-json\/wp\/v2\/users\/2"}],"replies":[{"embeddable":true,"href":"https:\/\/www.europesays.com\/si\/wp-json\/wp\/v2\/comments?post=216887"}],"version-history":[{"count":0,"href":"https:\/\/www.europesays.com\/si\/wp-json\/wp\/v2\/posts\/216887\/revisions"}],"wp:featuredmedia":[{"embeddable":true,"href":"https:\/\/www.europesays.com\/si\/wp-json\/wp\/v2\/media\/216888"}],"wp:attachment":[{"href":"https:\/\/www.europesays.com\/si\/wp-json\/wp\/v2\/media?parent=216887"}],"wp:term":[{"taxonomy":"category","embeddable":true,"href":"https:\/\/www.europesays.com\/si\/wp-json\/wp\/v2\/categories?post=216887"},{"taxonomy":"post_tag","embeddable":true,"href":"https:\/\/www.europesays.com\/si\/wp-json\/wp\/v2\/tags?post=216887"}],"curies":[{"name":"wp","href":"https:\/\/api.w.org\/{rel}","templated":true}]}}