{"id":216901,"date":"2026-09-05T16:27:13","date_gmt":"2026-09-05T16:27:13","guid":{"rendered":"https:\/\/www.europesays.com\/si\/216901\/"},"modified":"2026-09-05T16:27:13","modified_gmt":"2026-09-05T16:27:13","slug":"vucic-kandidat-sns-ja-za-novega-srbskega-premierja","status":"publish","type":"post","link":"https:\/\/www.europesays.com\/si\/216901\/","title":{"rendered":"Vu\u010di\u0107 kandidat SNS-ja za novega srbskega premierja"},"content":{"rendered":"<p>\t\t\t\t\t\t\t\t<a href=\"https:\/\/www.europesays.com\/si\/wp-content\/uploads\/2026\/09\/67026456.jpg\" itemprop=\"contentUrl\" data-size=\"1200x800\" data-large=\"https:\/\/www.europesays.com\/si\/wp-content\/uploads\/2026\/09\/67026456.jpg\"><br \/>\n\t\t\t\t\t\t\t\t\t<img decoding=\"async\" src=\"https:\/\/www.europesays.com\/si\/wp-content\/uploads\/2026\/09\/67026456.jpg\" title=\"Aleksandar Vu\u010di\u0107.Foto: Reuters\" alt=\"Aleksandar Vu\u010di\u0107.Foto: Reuters\"\/><br \/>\n\t\t\t\t\t\t\t\t<\/a><\/p>\n<p>\t\t\t\t\t\t\t\t\tAleksandar Vu\u010di\u0107.Foto: Reuters<\/p>\n<p>\t\t\t\t\t\t\t<a id=\"preferredSourceBanner\" href=\"https:\/\/www.rtvslo.si\/svet\/evropa\/vucic-kandidat-sns-ja-za-novega-srbskega-premierja\/javascript:void(0)\" target=\"_blank\" class=\"d-none align-items-center justify-content-between rounded my-3\" style=\"padding: 10px 15px;\" rel=\"nofollow noopener\"><br \/>\n\t\t\t\t\t\t<img decoding=\"async\" src=\"https:\/\/img.rtvslo.si\/_static\/novi\/img\/ico-google.svg\" class=\"flex-shrink-0 mr-3\" aria-hidden=\"true\"\/><br \/>\n\t\t\t\t\t\tSpremljajte RTVSLO.si kot prednostni vir na Google<\/p>\n<p>\t\t\t\t\t<\/a><\/p>\n<p>Predsednik vladajo\u010de Srbske napredne stranke (SNS) Milo\u0161 Vu\u010devi\u0107 je pred glasovanjem napovedal, da se bo lista SNS-ja imenovala &#8220;Aleksandar Vu\u010di\u0107 &#8211; Zdru\u017eena Srbija&#8221;. Dejal je, da bo na njenem \u010delu &#8220;najbolj sposoben dr\u017eavnik&#8221; Aleksandar Vu\u010di\u0107, ki se mu prihodnje leto izte\u010de drugi predsedni\u0161ki mandat, po srbski ustavi pa za predsednika dr\u017eave ne more ve\u010d kandidirati.<\/p>\n<p>Oglas<\/p>\n<p>Vodja poslanske skupine SNS-ja v srbski skup\u0161\u010dini Milenko Jovanov je konkuren\u010dne liste ozna\u010dil za skupine &#8220;ljudi brez obraza&#8221;, \u0161tudentsko gibanje pa za &#8220;figov list nevladnih organizacij&#8221;.<\/p>\n<p>Vu\u010di\u0107 je v nagovoru strankarskim kolegom nasprotno stran ozna\u010dil za &#8220;zavedene sestre in brate&#8221;, na katere naj bi vplivale \u0161tevilne tuje obve\u0161\u010devalne slu\u017ebe, katerih cilj je po njegovih besedah ru\u0161enje oblasti v Srbiji.<\/p>\n<p>Po njegovih besedah so po tragediji v Novem Sadu, ko je novembra lani zaradi zru\u0161enja nadstre\u0161ka na \u017eelezni\u0161ki postaji umrlo 16 ljudi, medijska portala N1 in Nova S ter tuje slu\u017ebe neposredno usmerjali ljudi v &#8220;ru\u0161enje svoje dr\u017eave in spopad s svojim narodom&#8221;.<\/p>\n<p>Vu\u010di\u010d mednarodna sodi\u0161\u010da ozna\u010dil za sodi\u0161\u010da krivice<\/p>\n<p>Vu\u010di\u0107 je tudi dejal, da je ponosen, ker &#8220;nobenega Srba ni izro\u010dil haa\u0161kemu sodi\u0161\u010du&#8221;, mednarodna sodi\u0161\u010da pa ozna\u010dil za &#8220;sodi\u0161\u010da krivice&#8221;. Napovedal je mo\u017enost, da bi se Srbija pridru\u017eila ideji predsednika ZDA Donalda Trumpa o ukinitvi mednarodnih sodi\u0161\u010d.<\/p>\n<p>V primeru zmage na volitvah je napovedal u\u010dinkovitej\u0161o in bolj operativno vlado. Dejal je, da je \u017ee pripravil predlog novega zakona o ministrstvih in vladi, ki ga bo javnosti predstavil po odstopu s polo\u017eaja predsednika Srbije. Po njegovih besedah bi morala imeti nova vlada 12 ministrstev namesto sedanjih 31, navaja hrva\u0161ka Hina.<\/p>\n<p>Vu\u010di\u0107 je \u017ee pred tem napovedal, da bodo pred\u010dasne parlamentarne volitve predvidoma 18. ali 25. oktobra. Po poro\u010danju provladnih medijev naj bi bile 25. oktobra. Vu\u010di\u0107 je v petek medtem napovedal, da bo volitve razpisal 9. ali 10. septembra.<\/p>\n<p>Oglas<\/p>\n","protected":false},"excerpt":{"rendered":"Aleksandar Vu\u010di\u0107.Foto: Reuters Spremljajte RTVSLO.si kot prednostni vir na Google Predsednik vladajo\u010de Srbske napredne stranke (SNS) Milo\u0161 Vu\u010devi\u0107&hellip;\n","protected":false},"author":2,"featured_media":216902,"comment_status":"","ping_status":"","sticky":false,"template":"","format":"standard","meta":{"footnotes":"","_share_on_mastodon":"0"},"categories":[3],"tags":[65,66,8483,52883,37,38,52884,780,736],"class_list":["post-216901","post","type-post","status-publish","format-standard","has-post-thumbnail","category-evropa","tag-europe","tag-evropa","tag-predcasne-volitve","tag-premierja","tag-slovene","tag-slovenscina","tag-sns-ja","tag-srbija","tag-vucic"],"share_on_mastodon":{"url":"https:\/\/pubeurope.com\/@si\/117219377023978381","error":""},"_links":{"self":[{"href":"https:\/\/www.europesays.com\/si\/wp-json\/wp\/v2\/posts\/216901","targetHints":{"allow":["GET"]}}],"collection":[{"href":"https:\/\/www.europesays.com\/si\/wp-json\/wp\/v2\/posts"}],"about":[{"href":"https:\/\/www.europesays.com\/si\/wp-json\/wp\/v2\/types\/post"}],"author":[{"embeddable":true,"href":"https:\/\/www.europesays.com\/si\/wp-json\/wp\/v2\/users\/2"}],"replies":[{"embeddable":true,"href":"https:\/\/www.europesays.com\/si\/wp-json\/wp\/v2\/comments?post=216901"}],"version-history":[{"count":0,"href":"https:\/\/www.europesays.com\/si\/wp-json\/wp\/v2\/posts\/216901\/revisions"}],"wp:featuredmedia":[{"embeddable":true,"href":"https:\/\/www.europesays.com\/si\/wp-json\/wp\/v2\/media\/216902"}],"wp:attachment":[{"href":"https:\/\/www.europesays.com\/si\/wp-json\/wp\/v2\/media?parent=216901"}],"wp:term":[{"taxonomy":"category","embeddable":true,"href":"https:\/\/www.europesays.com\/si\/wp-json\/wp\/v2\/categories?post=216901"},{"taxonomy":"post_tag","embeddable":true,"href":"https:\/\/www.europesays.com\/si\/wp-json\/wp\/v2\/tags?post=216901"}],"curies":[{"name":"wp","href":"https:\/\/api.w.org\/{rel}","templated":true}]}}