{"id":216915,"date":"2026-09-05T16:42:15","date_gmt":"2026-09-05T16:42:15","guid":{"rendered":"https:\/\/www.europesays.com\/si\/216915\/"},"modified":"2026-09-05T16:42:15","modified_gmt":"2026-09-05T16:42:15","slug":"turkinje-brez-izgubljenega-niza-proti-srbiji-v-veliki-finale-2","status":"publish","type":"post","link":"https:\/\/www.europesays.com\/si\/216915\/","title":{"rendered":"Turkinje brez izgubljenega niza proti Srbiji v veliki finale"},"content":{"rendered":"<p>\t\t\t\t\t\t\t\t<a href=\"https:\/\/www.europesays.com\/si\/wp-content\/uploads\/2026\/09\/1788626534_481_67094239.jpg\" itemprop=\"contentUrl\" data-size=\"1200x800\" data-large=\"https:\/\/www.europesays.com\/si\/wp-content\/uploads\/2026\/09\/1788626534_481_67094239.jpg\"><br \/>\n\t\t\t\t\t\t\t\t\t<img decoding=\"async\" src=\"https:\/\/www.europesays.com\/si\/wp-content\/uploads\/2026\/09\/1788626534_481_67094239.jpg\" title=\"Odbojkarice Srbije na leto\u0161njem EP-ju do polfinala niso poznale poraza, nato pa so obstale pred zadnjo oviro pred velikim finalom. Foto: EPA\" alt=\"Odbojkarice Srbije na leto\u0161njem EP-ju do polfinala niso poznale poraza, nato pa so obstale pred zadnjo oviro pred velikim finalom. Foto: EPA\"\/><br \/>\n\t\t\t\t\t\t\t\t<\/a><\/p>\n<p>\t\t\t\t\t\t\t\t\tOdbojkarice Srbije na leto\u0161njem EP-ju do polfinala niso poznale poraza, nato pa so obstale pred zadnjo oviro pred velikim finalom. Foto: EPA<\/p>\n<p>\t\t\t\t\t\t\t<a id=\"preferredSourceBanner\" href=\"https:\/\/www.rtvslo.si\/sport\/odbojka\/evropsko-prvenstvo-v-odbojki\/ob-15-uri-prenos-polfinala-med-turcijo-in-srbijo\/javascript:void(0)\" target=\"_blank\" class=\"d-none align-items-center justify-content-between rounded my-3\" style=\"padding: 10px 15px;\" rel=\"nofollow noopener\"><br \/>\n\t\t\t\t\t\t<img decoding=\"async\" src=\"https:\/\/img.rtvslo.si\/_static\/novi\/img\/ico-google.svg\" class=\"flex-shrink-0 mr-3\" aria-hidden=\"true\"\/><br \/>\n\t\t\t\t\t\tSpremljajte RTVSLO.si kot prednostni vir na Google<\/p>\n<p>\t\t\t\t\t<\/a><\/p>\n<p>Turkinje ni\u010desar niso pustile naklju\u010dju. Srbkinje so v prvem nizu stik dr\u017eale do svoje 9. to\u010dke, nato pa je gostiteljicam uspel delni izid 4:0, s katerim so si tlakovale zmago v prvem nizu (25:20). V drugem nizu so Turkinje zagospodarile \u017ee prej, hitro so povedle z 8:3, a nato nasprotnicam dovolie izena\u010denje na 12.<\/p>\n<p>Oglas<\/p>\n<p>Vseeno so se hitro pobrale in povedle z 18:13, prednost je bila dovolj udobna, da so relativno mirno povedle z 2:0 v nizih (25:19). V tretjem nizu so ves \u010das vodile, najve\u010d za sedem to\u010dk, fina\u010dno vstopnico so dvignile z dobljenim nizom 25:20.<\/p>\n<p>Novo odli\u010dno predstavo je pokazala Melissa Teresa Vargas, ki je dosegla 18 to\u010dk, dve za asom in eno z blokom. Na drugi strani jih je Tijana Bo\u0161kovi\u0107 prispevala 14. Turkinje so bile bolj\u0161e v vseh elementih, predvsem so prevladovale s servisi. V tem elementu so Srbkinje povsem odpovedale, z njim niso ustvarjale nobenega pritiska na sprejem tekmic, dosegle niso niti enega asa.<\/p>\n<p>Ob 18. uri se je za\u010del drugi polfinale med Poljsko in Italijo. Poljska je prvi\u010d po letu 2019 spet v polfinalu, potem ko je v \u010detrtfinalu s kar 17 bloki (po pet sta jih dosegli Maja Koput in Magdalena Jurczyk) izlo\u010dila Nizozemsko (3:1). Italija pa je s kar 27 to\u010dkami zvezdnice Paole Egonu premagala \u0160vedsko (3:1).<\/p>\n<p> EVROPSKO PRVENSTVO (\u017d), polfinale: <br \/>TUR\u010cIJA \u2013 Srbija<br \/>3:0 (20, 19, -20)<\/p>\n<p>Ob 18.00:<br \/>POLJSKA \u2013 ITALIJA<\/p>\n<p>\t\t\t\t\tV \u017eivo &#8211; TV Slovenija 2<\/p>\n<p>Oglas<\/p>\n","protected":false},"excerpt":{"rendered":"Odbojkarice Srbije na leto\u0161njem EP-ju do polfinala niso poznale poraza, nato pa so obstale pred zadnjo oviro pred&hellip;\n","protected":false},"author":2,"featured_media":216916,"comment_status":"","ping_status":"","sticky":false,"template":"","format":"standard","meta":{"footnotes":"","_share_on_mastodon":"0"},"categories":[16],"tags":[146,6829,62,37,58,60,38,94,93,52874],"class_list":["post-216915","post","type-post","status-publish","format-standard","has-post-thumbnail","category-sport","tag-odbojka","tag-polfinale","tag-si","tag-slovene","tag-slovenia","tag-slovenija","tag-slovenscina","tag-sport","tag-sports","tag-zensko-evropsko-prvenstvo"],"share_on_mastodon":{"url":"https:\/\/pubeurope.com\/@si\/117219436162851473","error":""},"_links":{"self":[{"href":"https:\/\/www.europesays.com\/si\/wp-json\/wp\/v2\/posts\/216915","targetHints":{"allow":["GET"]}}],"collection":[{"href":"https:\/\/www.europesays.com\/si\/wp-json\/wp\/v2\/posts"}],"about":[{"href":"https:\/\/www.europesays.com\/si\/wp-json\/wp\/v2\/types\/post"}],"author":[{"embeddable":true,"href":"https:\/\/www.europesays.com\/si\/wp-json\/wp\/v2\/users\/2"}],"replies":[{"embeddable":true,"href":"https:\/\/www.europesays.com\/si\/wp-json\/wp\/v2\/comments?post=216915"}],"version-history":[{"count":0,"href":"https:\/\/www.europesays.com\/si\/wp-json\/wp\/v2\/posts\/216915\/revisions"}],"wp:featuredmedia":[{"embeddable":true,"href":"https:\/\/www.europesays.com\/si\/wp-json\/wp\/v2\/media\/216916"}],"wp:attachment":[{"href":"https:\/\/www.europesays.com\/si\/wp-json\/wp\/v2\/media?parent=216915"}],"wp:term":[{"taxonomy":"category","embeddable":true,"href":"https:\/\/www.europesays.com\/si\/wp-json\/wp\/v2\/categories?post=216915"},{"taxonomy":"post_tag","embeddable":true,"href":"https:\/\/www.europesays.com\/si\/wp-json\/wp\/v2\/tags?post=216915"}],"curies":[{"name":"wp","href":"https:\/\/api.w.org\/{rel}","templated":true}]}}