{"id":216929,"date":"2026-09-05T17:02:10","date_gmt":"2026-09-05T17:02:10","guid":{"rendered":"https:\/\/www.europesays.com\/si\/216929\/"},"modified":"2026-09-05T17:02:10","modified_gmt":"2026-09-05T17:02:10","slug":"krimovke-po-odlicnem-prvem-polcasu-popustile-v-drugem","status":"publish","type":"post","link":"https:\/\/www.europesays.com\/si\/216929\/","title":{"rendered":"Krimovke po odli\u010dnem prvem pol\u010dasu popustile v drugem"},"content":{"rendered":"<p>\t\t\t\t\t\t\t\t<a href=\"https:\/\/www.europesays.com\/si\/wp-content\/uploads\/2026\/09\/67094406.jpg\" itemprop=\"contentUrl\" data-size=\"1200x800\" data-large=\"https:\/\/www.europesays.com\/si\/wp-content\/uploads\/2026\/09\/67094406.jpg\"><br \/>\n\t\t\t\t\t\t\t\t\t<img decoding=\"async\" src=\"https:\/\/www.europesays.com\/si\/wp-content\/uploads\/2026\/09\/67094406.jpg\" title=\"Krim je v novo sezono za\u010del v pomlajeni postavi. Foto: www.alesfevzer.com\" alt=\"Krim je v novo sezono za\u010del v pomlajeni postavi. Foto: www.alesfevzer.com\"\/><br \/>\n\t\t\t\t\t\t\t\t<\/a><\/p>\n<p>\t\t\t\t\t\t\t\t\tKrim je v novo sezono za\u010del v pomlajeni postavi. Foto: www.alesfevzer.com<\/p>\n<p>\t\t\t\t\t\t\t<a id=\"preferredSourceBanner\" href=\"https:\/\/www.rtvslo.si\/sport\/rokomet\/krimovke-po-odlicnem-prvem-polcasu-popustile-v-drugem\/javascript:void(0)\" target=\"_blank\" class=\"d-none align-items-center justify-content-between rounded my-3\" style=\"padding: 10px 15px;\" rel=\"nofollow noopener\"><br \/>\n\t\t\t\t\t\t<img decoding=\"async\" src=\"https:\/\/img.rtvslo.si\/_static\/novi\/img\/ico-google.svg\" class=\"flex-shrink-0 mr-3\" aria-hidden=\"true\"\/><br \/>\n\t\t\t\t\t\tSpremljajte RTVSLO.si kot prednostni vir na Google<\/p>\n<p>\t\t\t\t\t<\/a><\/p>\n<p>Prvi pol\u010das je bil izjemno izena\u010den, saj je bil izid kar trinajstkrat poravnan. Krim je od\u0161el na odmor z izidom 19:17, kar je bila tudi najvi\u0161ja razlika, ki si jo je katera koli ekipa priborila.<\/p>\n<p>Oglas<\/p>\n<p>Pisana zasedba Romunk, ki ciljajo na zaklju\u010dni turnir, je v drugem delu pokazala popolnoma drug obraz. Nazadnje je bil izidi izena\u010den na 21, nato pa so gostje za\u010dele vi\u0161ati prednost vse do osmih golov, kolikor je bila tudi razlika na koncu.<\/p>\n<p>Pri doma\u010dih je bila najbolj\u0161a Nina Zuli\u0107 z devetimi goli (osem v prvem pol\u010dasu), pri gostjah pa Valerija Maslova s sedmimi.<\/p>\n<p>LIGA PRVAKINJ <br \/>SKUPINA A, 1. krog<\/p>\n<p>KRIM OTP GROUP MERCATOR &#8211; BUKARE\u0160TA 29:37 (19:17)<\/p>\n<p> Krim OTP Group Mercator: Vojnovi\u0107, Risovi\u0107, Puncer 6, Ermenc 2, A. Abina 1, Zuli\u0107 9 (3), Johansen 2, Vukovi\u0107 1, Madsen Kielstrup 4, Kov\u0161ca, Markovi\u0107 2, Stankovi\u0107 2.<\/p>\n<p>CSM Bukare\u0161ta: Dumanska, Gabriel, Forsberg 6, Axner 3, Dmitrijeva 6, Friis 4 (1), Sandru, Brandenborg, Szoke 3, Brnovi\u0107 3, Carlson, Faluvegi 3, Kuczora 1, Maslova 7, Pintea 1, Hansen. <\/p>\n<p>Sedemmetrovke: Krim 3 (3), Bukare\u0161ta 1 (1). <br \/>Izklju\u010ditve: Krim 6, Bukare\u0161ta 12 minut.<\/p>\n<p>BORUSSIA DORTMUND &#8211; ESBJERG 24:33<\/p>\n<p>Nedelja on 16.00: <br \/>BUDU\u0106NOST &#8211; FERENCVAROS <br \/>SOLA &#8211; BREST<\/p>\n<p>Oglas<\/p>\n","protected":false},"excerpt":{"rendered":"Krim je v novo sezono za\u010del v pomlajeni postavi. Foto: www.alesfevzer.com Spremljajte RTVSLO.si kot prednostni vir na Google&hellip;\n","protected":false},"author":2,"featured_media":216930,"comment_status":"","ping_status":"","sticky":false,"template":"","format":"standard","meta":{"footnotes":"","_share_on_mastodon":"0"},"categories":[16],"tags":[30713,380,376,62,37,58,60,38,94,93],"class_list":["post-216929","post","type-post","status-publish","format-standard","has-post-thumbnail","category-sport","tag-bukaresta","tag-krim","tag-liga-prvakinj","tag-si","tag-slovene","tag-slovenia","tag-slovenija","tag-slovenscina","tag-sport","tag-sports"],"share_on_mastodon":{"url":"https:\/\/pubeurope.com\/@si\/117219514451460090","error":""},"_links":{"self":[{"href":"https:\/\/www.europesays.com\/si\/wp-json\/wp\/v2\/posts\/216929","targetHints":{"allow":["GET"]}}],"collection":[{"href":"https:\/\/www.europesays.com\/si\/wp-json\/wp\/v2\/posts"}],"about":[{"href":"https:\/\/www.europesays.com\/si\/wp-json\/wp\/v2\/types\/post"}],"author":[{"embeddable":true,"href":"https:\/\/www.europesays.com\/si\/wp-json\/wp\/v2\/users\/2"}],"replies":[{"embeddable":true,"href":"https:\/\/www.europesays.com\/si\/wp-json\/wp\/v2\/comments?post=216929"}],"version-history":[{"count":0,"href":"https:\/\/www.europesays.com\/si\/wp-json\/wp\/v2\/posts\/216929\/revisions"}],"wp:featuredmedia":[{"embeddable":true,"href":"https:\/\/www.europesays.com\/si\/wp-json\/wp\/v2\/media\/216930"}],"wp:attachment":[{"href":"https:\/\/www.europesays.com\/si\/wp-json\/wp\/v2\/media?parent=216929"}],"wp:term":[{"taxonomy":"category","embeddable":true,"href":"https:\/\/www.europesays.com\/si\/wp-json\/wp\/v2\/categories?post=216929"},{"taxonomy":"post_tag","embeddable":true,"href":"https:\/\/www.europesays.com\/si\/wp-json\/wp\/v2\/tags?post=216929"}],"curies":[{"name":"wp","href":"https:\/\/api.w.org\/{rel}","templated":true}]}}