{"id":216933,"date":"2026-09-05T17:06:13","date_gmt":"2026-09-05T17:06:13","guid":{"rendered":"https:\/\/www.europesays.com\/si\/216933\/"},"modified":"2026-09-05T17:06:13","modified_gmt":"2026-09-05T17:06:13","slug":"kampi-v-zgornji-savinjski-dolini-znova-lepo-polni","status":"publish","type":"post","link":"https:\/\/www.europesays.com\/si\/216933\/","title":{"rendered":"Kampi v Zgornji Savinjski dolini znova lepo polni"},"content":{"rendered":"<p>\t\t\t\t\t\t\t\t<a href=\"https:\/\/www.europesays.com\/si\/wp-content\/uploads\/2026\/09\/67094314.jpg\" itemprop=\"contentUrl\" data-size=\"1200x800\" data-large=\"https:\/\/www.europesays.com\/si\/wp-content\/uploads\/2026\/09\/67094314.jpg\"><br \/>\n\t\t\t\t\t\t\t\t\t<img decoding=\"async\" src=\"https:\/\/www.europesays.com\/si\/wp-content\/uploads\/2026\/09\/67094314.jpg\" title=\"Med gosti je veliko Nemcev (fotografija je simboli\u010dna). Foto: Pixabay\" alt=\"Med gosti je veliko Nemcev (fotografija je simboli\u010dna). Foto: Pixabay\"\/><br \/>\n\t\t\t\t\t\t\t\t<\/a><\/p>\n<p>\t\t\t\t\t\t\t\t\tMed gosti je veliko Nemcev (fotografija je simboli\u010dna). Foto: Pixabay<\/p>\n<p>\t\t\t\t\t\t\t<a id=\"preferredSourceBanner\" href=\"https:\/\/www.rtvslo.si\/zabava-in-slog\/ture-avanture\/kampi-v-zgornji-savinjski-dolini-znova-lepo-polni\/javascript:void(0)\" target=\"_blank\" class=\"d-none align-items-center justify-content-between rounded my-3\" style=\"padding: 10px 15px;\" rel=\"nofollow noopener\"><br \/>\n\t\t\t\t\t\t<img decoding=\"async\" src=\"https:\/\/img.rtvslo.si\/_static\/novi\/img\/ico-google.svg\" class=\"flex-shrink-0 mr-3\" aria-hidden=\"true\"\/><br \/>\n\t\t\t\t\t\tSpremljajte RTVSLO.si kot prednostni vir na Google<\/p>\n<p>\t\t\t\t\t<\/a><\/p>\n<p>V Kampu Menina so za STA povedali, da so lani na\u0161teli 18.907 gostov in 69.369 preno\u010ditev, letos pa do 12. avgusta \u017ee 15.491 gostov in 57.619 preno\u010ditev. Primerjava z letom 2022 zaradi izgube evidenc v poplavah ni mogo\u010da, vendar so bili po njihovih navedbah vsi leto\u0161nji meseci bolj\u0161i kot v predpoplavnem obdobju, posebej april, maj in junij. Kamp si sicer \u017ee dlje prizadeva za razvoj predsezone.<\/p>\n<p>Oglas<\/p>\n<p>Med gosti prevladujejo Slovenci ter obiskovalci iz Nizozemske, Belgije, Nem\u010dije, \u010ce\u0161ke, Avstrije in Hrva\u0161ke. V zadnjih letih opa\u017eajo ve\u010d gostov iz \u010ce\u0161ke, Slova\u0161ke in Poljske. Spreminjajo se tudi njihove po\u010ditni\u0161ke navade. Medtem ko so tuji gostje neko\u010d ostajali tri ali \u0161tiri tedne, zdaj lokacijo pogosto zamenjajo \u017ee po pribli\u017eno tednu dni in kombinirajo ve\u010d slovenskih kampov oziroma regij ali Slovenijo s Hrva\u0161ko.<\/p>\n<p>Poplave so Kamp Menina mo\u010dno prizadele. Sezona 2023 se je z ujmo kon\u010dala, kamp pa so morali tako reko\u010d postaviti na novo. Obnovljeni kamp so uradno odprli junija 2024, delno pa so poslovali \u017ee med prvomajskimi prazniki. Gostje so se po poplavah vra\u010dali, nekateri pa so pred prihodom vseeno preverjali stanje obmo\u010dja in ukrepe za primer morebitne ponovitve ujme.<\/p>\n<p>\t\t\t\t\t\t\t\t\t<a href=\"https:\/\/www.rtvslo.si\/n\/711162\" class=\"image-link image-heading image-container container-16-9\" data-large=\"https:\/\/img.rtvcdn.si\/_up\/upload\/2024\/06\/09\/66191379.jpg\" rel=\"nofollow noopener\" target=\"_blank\"><br \/>\n\t\t\t\t\t\t\t\t\t\t<img decoding=\"async\" src=\"https:\/\/www.europesays.com\/si\/wp-content\/uploads\/2026\/09\/66191379_thumb.jpg\" class=\"image-preview\"\/><br \/>\n\t\t\t\t\t\t\t\t\t<\/a><\/p>\n<p>\t\t\t\t\t\t\t\t\t\tSorodna novica<br \/>\n\t\t\t\t\t\t\t\t\t\t<a href=\"https:\/\/www.rtvslo.si\/n\/711162\" rel=\"nofollow noopener\" target=\"_blank\">Kampi v Zgornji Savinjski dolini po poplavah znova odprli vrata<\/a><\/p>\n<p>\t\t\t\t\t\t\tSezona kampa Savinja podobna lanski<\/p>\n<p>V kampu Savinja na Re\u010dici ob Savinji je bila sezona 2023 prav tako izgubljena. Kamp je po avgustovski ujmi utrpel ogromno \u0161kodo in znova odprl vrata spomladi 2024. Primerjava z letom 2022 po njihovih besedah ni smiselna, saj je kamp za\u010del poslovati v \u010dasu epidemije covida-19, nato pa je bil zaradi prenove ceste ote\u017een oz. onemogo\u010den dostop do njega.<\/p>\n<p>Leto 2024 ocenjujejo kot lepo sezono, 2025 je bila \u0161e bolj\u0161a, leto\u0161nja pa naj bi bila po dosedanjih rezultatih podobna lanski.<\/p>\n<p>V kampu gostje v povpre\u010dju ostanejo od \u0161tiri do pet dni, pri \u010demer se dol\u017eina bivanja iz sezone v sezono pove\u010duje. Najve\u010d je gostov iz Nem\u010dije in Nizozemske, letos pa so zaznali tudi ve\u010d obiskovalcev iz \u010ce\u0161ke in Poljske ter ve\u010d Slovencev.<\/p>\n<p>Pomislekov gostov zaradi poplav skorajda ni ve\u010d<\/p>\n<p>Z dobrim obiskom se lahko pohvalijo tudi na Logu, kjer na Turisti\u010dni kmetiji Ambro\u017e Gregorc zaradi sprememb \u0161tevila parcel in ponudbe ne morejo pripraviti zanesljive primerjave z letom 2022.<\/p>\n<p>Kamp je bil po poplavah zaprt pribli\u017eno osem mesecev, kar je mo\u010dno vplivalo na poslovanje. Po ponovnem odprtju se je obisk postopoma normaliziral, letos pa opa\u017eajo dober obisk, predvsem poleti, vse ve\u010d zanimanja pa je tudi pred sezono in po njej.<\/p>\n<p>Tudi tam prevladujejo tuji gostje, ki se zadr\u017eujejo predvsem kraj\u0161i \u010das. Po poplavah so bili gostje sprva previdnej\u0161i in so se zanimali za dostopnost in stanje obmo\u010dja, danes pa tak\u0161nih pomislekov skoraj ni ve\u010d.<\/p>\n<p>V vseh treh kampih prihodnost vidijo pozitivno, vendar opozarjajo, da bo za nadaljnjo rast turizma potrebna bolj\u0161a infrastruktura. Med klju\u010dnimi izzivi izpostavljajo predvsem kolesarske poti, javni prevoz in ureditev parkiri\u0161\u010d. Menijo tudi, da bi tesnej\u0161e sodelovanje ob\u010din in enotnej\u0161a strategija razvoja turizma v celotni Zgornji Savinjski dolini pripomogla k bolj\u0161i promociji in podalj\u0161anju turisti\u010dne sezone. Pri tem si \u017eelijo predvsem razvoja dodatnih do\u017eivetij in dalj\u0161e sezone, ne pa mno\u017ei\u010dnega turizma.<\/p>\n<p>Oglas<\/p>\n","protected":false},"excerpt":{"rendered":"Med gosti je veliko Nemcev (fotografija je simboli\u010dna). Foto: Pixabay Spremljajte RTVSLO.si kot prednostni vir na Google V&hellip;\n","protected":false},"author":2,"featured_media":216934,"comment_status":"","ping_status":"","sticky":false,"template":"","format":"standard","meta":{"footnotes":"","_share_on_mastodon":"0"},"categories":[8],"tags":[22749,781,19650,37,38,64,488,63,52893],"class_list":["post-216933","post","type-post","status-publish","format-standard","has-post-thumbnail","category-svet","tag-kampi","tag-poplave","tag-sezona","tag-slovene","tag-slovenscina","tag-svet","tag-turizem","tag-world","tag-zgornja-savinjska-dolina"],"share_on_mastodon":{"url":"https:\/\/pubeurope.com\/@si\/117219530584867012","error":""},"_links":{"self":[{"href":"https:\/\/www.europesays.com\/si\/wp-json\/wp\/v2\/posts\/216933","targetHints":{"allow":["GET"]}}],"collection":[{"href":"https:\/\/www.europesays.com\/si\/wp-json\/wp\/v2\/posts"}],"about":[{"href":"https:\/\/www.europesays.com\/si\/wp-json\/wp\/v2\/types\/post"}],"author":[{"embeddable":true,"href":"https:\/\/www.europesays.com\/si\/wp-json\/wp\/v2\/users\/2"}],"replies":[{"embeddable":true,"href":"https:\/\/www.europesays.com\/si\/wp-json\/wp\/v2\/comments?post=216933"}],"version-history":[{"count":0,"href":"https:\/\/www.europesays.com\/si\/wp-json\/wp\/v2\/posts\/216933\/revisions"}],"wp:featuredmedia":[{"embeddable":true,"href":"https:\/\/www.europesays.com\/si\/wp-json\/wp\/v2\/media\/216934"}],"wp:attachment":[{"href":"https:\/\/www.europesays.com\/si\/wp-json\/wp\/v2\/media?parent=216933"}],"wp:term":[{"taxonomy":"category","embeddable":true,"href":"https:\/\/www.europesays.com\/si\/wp-json\/wp\/v2\/categories?post=216933"},{"taxonomy":"post_tag","embeddable":true,"href":"https:\/\/www.europesays.com\/si\/wp-json\/wp\/v2\/tags?post=216933"}],"curies":[{"name":"wp","href":"https:\/\/api.w.org\/{rel}","templated":true}]}}