{"id":216961,"date":"2026-09-05T17:42:08","date_gmt":"2026-09-05T17:42:08","guid":{"rendered":"https:\/\/www.europesays.com\/si\/216961\/"},"modified":"2026-09-05T17:42:08","modified_gmt":"2026-09-05T17:42:08","slug":"tragedija-69-letni-voznik-avtomobila-na-treningu-do-smrti-povozil-mlada-kolesarja","status":"publish","type":"post","link":"https:\/\/www.europesays.com\/si\/216961\/","title":{"rendered":"Tragedija: 69-letni voznik avtomobila na treningu do smrti povozil mlada kolesarja"},"content":{"rendered":"<p>    <img decoding=\"async\" data-lb-desktop=\"\/media\/2026\/09\/05\/860850\/Orig-kolesarstvo-svece-1200.webp\" data-lb-mobile=\"\/media\/2026\/09\/05\/860850\/Orig-kolesarstvo-svece-600.webp\" class=\"main-gallery-image se_image_lb\" src=\"https:\/\/www.europesays.com\/si\/wp-content\/uploads\/2026\/09\/Wide-kolesarstvo-svece-1000.webp\" alt=\"kolesarstvo, sve\u010de, tragedija, ZDA\"\/><\/p>\n<p>V ZDA \u017ealujejo za dvema mladima kolesarjema, \u010dlanoma \u0161tudenske ekipe Milligan. Foto: Profimedia<\/p>\n<p>Tragedija: 69-letni voznik avtomobila na treningu do smrti povozil mlada kolesarja<\/p>\n<p>Na treningu kolesarske ekipe univerze Milligan v Zdru\u017eenih dr\u017eavah Amerike se je zgodila nesre\u010da, v kateri sta dva mlada kolesarja umrla, sedem pa je bilo po\u0161kodovanih.<\/p>\n<p>                        05. 09. 2026, 16.44\n                    <\/p>\n<p>                        <a href=\"https:\/\/google.com\/preferences\/source?q=dnevnik.si\" class=\"se-author-gps-cta\" target=\"_blank\" rel=\"nofollow noopener\"><br \/>\n                            <img decoding=\"async\" class=\"se-author-gps-cta-badge\" src=\"https:\/\/www.europesays.com\/si\/wp-content\/uploads\/2026\/09\/1788630128_677_dnevnik_gps_badge.png\" alt=\"Google Preferred Sources CTA\"\/><br \/>\n                        <\/a><\/p>\n<p>V enajst\u010dlansko ekipo, ki je trenirala na dr\u017eavni cesti v okro\u017eju Carter v ameri\u0161ki zvezni dr\u017eavi Tennessee, je tr\u010dil voznik avtomobila. Na kraju nesre\u010de sta umrla komaj 19-letni Haylan Engdahl iz Winthrop Harborja v Illinoisu in leto starej\u0161i Brayden Rogers iz Huntsvilla v Alabami. Poleg tega so sedem po\u0161kodovanih odpeljali v zdravstveni center Johnson City, kjer so \u0161tirje \u0161e vedno v kriti\u010dnem stanju na kirur\u0161kem oddelku intenzivne nege.<\/p>\n<p>Policijska patrulja je sporo\u010dila, da se je nesre\u010da zgodila okoli 9.30 na odseku ceste 19-E blizu ceste Simerly Creek Road, pribli\u017eno 20 kilometrov od kampusa univerze Milligan v Elizabethtonu. Gre za zasebno kr\u0161\u010dansko univerzo v severovzhodnem Tennesseeju z nekaj ve\u010d kot 1200 \u0161tudenti. Okro\u017eni to\u017eilec prvega sodnega okro\u017eja Steven Finney je dejal, da je bil voznik avtomobila, ki je povzro\u010dil tragedijo, 69-letni John Benfield iz Newlanda v Severni Karolini.<\/p>\n<p>Hude obto\u017ebe na ra\u010dun 69-letnega voznika<\/p>\n<p>Obto\u017een je dveh primerov uboja z motornim vozilom v prometu iz malomarnosti in petih kaznivih dejanj povzro\u010ditve hudih telesnih po\u0161kodb z vozilom. Preiskava se \u0161e nadaljuje, okro\u017eni to\u017eilec Finney pa je napovedal mo\u017enost \u0161e dodatnih obto\u017eb\u00a0na Benfieldov ra\u010dun.<\/p>\n<p>Ekipa Milligana je maja postala dr\u017eavni prvak v ekipnem kronometru v cestnem kolesarstvu na \u0161tudentskem prvenstvu Zdru\u017eenih dr\u017eav Amerike za to starostno kategorijo. Predvidena otvoritev sezone ekipe, ki bi morala potekati v \u010detrtek na velodromu Rock Hill, je bila zaradi velike tragedije odpovedana.<\/p>\n","protected":false},"excerpt":{"rendered":"V ZDA \u017ealujejo za dvema mladima kolesarjema, \u010dlanoma \u0161tudenske ekipe Milligan. Foto: Profimedia Tragedija: 69-letni voznik avtomobila na&hellip;\n","protected":false},"author":2,"featured_media":216962,"comment_status":"","ping_status":"","sticky":false,"template":"","format":"standard","meta":{"footnotes":"","_share_on_mastodon":"0"},"categories":[8],"tags":[618,52897,37,38,64,2547,1975,63,404],"class_list":["post-216961","post","type-post","status-publish","format-standard","has-post-thumbnail","category-svet","tag-kolesarstvo","tag-milligan","tag-slovene","tag-slovenscina","tag-svet","tag-tennessee","tag-tragedija","tag-world","tag-zda"],"share_on_mastodon":{"url":"https:\/\/pubeurope.com\/@si\/117219672047834562","error":""},"_links":{"self":[{"href":"https:\/\/www.europesays.com\/si\/wp-json\/wp\/v2\/posts\/216961","targetHints":{"allow":["GET"]}}],"collection":[{"href":"https:\/\/www.europesays.com\/si\/wp-json\/wp\/v2\/posts"}],"about":[{"href":"https:\/\/www.europesays.com\/si\/wp-json\/wp\/v2\/types\/post"}],"author":[{"embeddable":true,"href":"https:\/\/www.europesays.com\/si\/wp-json\/wp\/v2\/users\/2"}],"replies":[{"embeddable":true,"href":"https:\/\/www.europesays.com\/si\/wp-json\/wp\/v2\/comments?post=216961"}],"version-history":[{"count":0,"href":"https:\/\/www.europesays.com\/si\/wp-json\/wp\/v2\/posts\/216961\/revisions"}],"wp:featuredmedia":[{"embeddable":true,"href":"https:\/\/www.europesays.com\/si\/wp-json\/wp\/v2\/media\/216962"}],"wp:attachment":[{"href":"https:\/\/www.europesays.com\/si\/wp-json\/wp\/v2\/media?parent=216961"}],"wp:term":[{"taxonomy":"category","embeddable":true,"href":"https:\/\/www.europesays.com\/si\/wp-json\/wp\/v2\/categories?post=216961"},{"taxonomy":"post_tag","embeddable":true,"href":"https:\/\/www.europesays.com\/si\/wp-json\/wp\/v2\/tags?post=216961"}],"curies":[{"name":"wp","href":"https:\/\/api.w.org\/{rel}","templated":true}]}}