{"id":216981,"date":"2026-09-05T18:15:16","date_gmt":"2026-09-05T18:15:16","guid":{"rendered":"https:\/\/www.europesays.com\/si\/216981\/"},"modified":"2026-09-05T18:15:16","modified_gmt":"2026-09-05T18:15:16","slug":"janja-garnbret-v-lovu-na-51-zmago-v-svetovnem-pokalu","status":"publish","type":"post","link":"https:\/\/www.europesays.com\/si\/216981\/","title":{"rendered":"Janja Garnbret v lovu na 51. zmago v svetovnem pokalu"},"content":{"rendered":"<p>\t\t\t\t\t\t\t\t<a href=\"https:\/\/www.europesays.com\/si\/wp-content\/uploads\/2026\/09\/1788632116_538_67093413.jpg\" itemprop=\"contentUrl\" data-size=\"1200x800\" data-large=\"https:\/\/www.europesays.com\/si\/wp-content\/uploads\/2026\/09\/1788632116_538_67093413.jpg\"><br \/>\n\t\t\t\t\t\t\t\t\t<img decoding=\"async\" src=\"https:\/\/www.europesays.com\/si\/wp-content\/uploads\/2026\/09\/1788632116_538_67093413.jpg\" title=\"Janja Garnbret Foto: www.alesfevzer.com\" alt=\"Janja Garnbret Foto: www.alesfevzer.com\"\/><br \/>\n\t\t\t\t\t\t\t\t<\/a><\/p>\n<p>\t\t\t\t\t\t\t\t\tJanja Garnbret Foto: www.alesfevzer.com<\/p>\n<p>\t\t\t\t\t\t\t<a id=\"preferredSourceBanner\" href=\"https:\/\/www.rtvslo.si\/sport\/preostali-sporti\/janja-garnbret-v-lovu-na-51-zmago-v-svetovnem-pokalu\/javascript:void(0)\" target=\"_blank\" class=\"d-none align-items-center justify-content-between rounded my-3\" style=\"padding: 10px 15px;\" rel=\"nofollow noopener\"><br \/>\n\t\t\t\t\t\t<img decoding=\"async\" src=\"https:\/\/img.rtvslo.si\/_static\/novi\/img\/ico-google.svg\" class=\"flex-shrink-0 mr-3\" aria-hidden=\"true\"\/><br \/>\n\t\t\t\t\t\tSpremljajte RTVSLO.si kot prednostni vir na Google<\/p>\n<p>\t\t\t\t\t<\/a><\/p>\n<p>Garnbret je bila najbolj\u0161a tako v kvalifikacijah kot v polfinalu. Rekar je imela tretji izid polfinala.<\/p>\n<p>Oglas<\/p>\n<p>Garnbret v Kopru nastopa po 75 dneh tekmovalnega premora. Dvakratna olimpijska prvakinja in rekorderka po \u0161tevilu zmag v Kopru lovi \u0161esto doma\u010do zmago in 51. v konkurenci svetovnega pokala. <\/p>\n<p>Od 12 Slovencev se jih je v polfinale prebila polovica. Razen Garnbret in Rekar so preostali \u0161tirje Slovenci v polfinalu poslab\u0161ali dose\u017eke iz kvalifikacij. Mia Krampl je tekmo kon\u010dala na 20. mestu, Lu\u010dka Rakovec je bila 21., Sara \u010copar 23., Luka Poto\u010dar je v mo\u0161kem polfinalu kon\u010dal na 24. mestu.<\/p>\n<p>\t\t\t\t\tV \u017eivo &#8211; TV Slovenija 2<\/p>\n<p>\t\t\t\tJanja Garnbret: Ne znam povedati, kako zelo sem u\u017eivala pred doma\u010dimi navija\u010di<\/p>\n<p>Oglas<\/p>\n","protected":false},"excerpt":{"rendered":"Janja Garnbret Foto: www.alesfevzer.com Spremljajte RTVSLO.si kot prednostni vir na Google Garnbret je bila najbolj\u0161a tako v kvalifikacijah&hellip;\n","protected":false},"author":2,"featured_media":216982,"comment_status":"","ping_status":"","sticky":false,"template":"","format":"standard","meta":{"footnotes":"","_share_on_mastodon":"0"},"categories":[16],"tags":[4905,161,6829,62,37,58,60,38,94,93,4217],"class_list":["post-216981","post","type-post","status-publish","format-standard","has-post-thumbnail","category-sport","tag-janja-garnbret","tag-koper","tag-polfinale","tag-si","tag-slovene","tag-slovenia","tag-slovenija","tag-slovenscina","tag-sport","tag-sports","tag-svetovni-pokal"],"share_on_mastodon":{"url":"https:\/\/pubeurope.com\/@si\/117219801981454634","error":""},"_links":{"self":[{"href":"https:\/\/www.europesays.com\/si\/wp-json\/wp\/v2\/posts\/216981","targetHints":{"allow":["GET"]}}],"collection":[{"href":"https:\/\/www.europesays.com\/si\/wp-json\/wp\/v2\/posts"}],"about":[{"href":"https:\/\/www.europesays.com\/si\/wp-json\/wp\/v2\/types\/post"}],"author":[{"embeddable":true,"href":"https:\/\/www.europesays.com\/si\/wp-json\/wp\/v2\/users\/2"}],"replies":[{"embeddable":true,"href":"https:\/\/www.europesays.com\/si\/wp-json\/wp\/v2\/comments?post=216981"}],"version-history":[{"count":0,"href":"https:\/\/www.europesays.com\/si\/wp-json\/wp\/v2\/posts\/216981\/revisions"}],"wp:featuredmedia":[{"embeddable":true,"href":"https:\/\/www.europesays.com\/si\/wp-json\/wp\/v2\/media\/216982"}],"wp:attachment":[{"href":"https:\/\/www.europesays.com\/si\/wp-json\/wp\/v2\/media?parent=216981"}],"wp:term":[{"taxonomy":"category","embeddable":true,"href":"https:\/\/www.europesays.com\/si\/wp-json\/wp\/v2\/categories?post=216981"},{"taxonomy":"post_tag","embeddable":true,"href":"https:\/\/www.europesays.com\/si\/wp-json\/wp\/v2\/tags?post=216981"}],"curies":[{"name":"wp","href":"https:\/\/api.w.org\/{rel}","templated":true}]}}