{"id":217027,"date":"2026-09-05T19:09:12","date_gmt":"2026-09-05T19:09:12","guid":{"rendered":"https:\/\/www.europesays.com\/si\/217027\/"},"modified":"2026-09-05T19:09:12","modified_gmt":"2026-09-05T19:09:12","slug":"gucek-v-zadnjem-teku-dneva-sutej-osvojila-tretje-mesto","status":"publish","type":"post","link":"https:\/\/www.europesays.com\/si\/217027\/","title":{"rendered":"Gu\u010dek v zadnjem teku dneva; \u0160utej osvojila tretje mesto"},"content":{"rendered":"<p>\t\t\t\t\t\t\t\t<a href=\"https:\/\/www.europesays.com\/si\/wp-content\/uploads\/2026\/09\/67067150.jpg\" itemprop=\"contentUrl\" data-size=\"1200x800\" data-large=\"https:\/\/www.europesays.com\/si\/wp-content\/uploads\/2026\/09\/67067150.jpg\"><br \/>\n\t\t\t\t\t\t\t\t\t<img decoding=\"async\" src=\"https:\/\/www.europesays.com\/si\/wp-content\/uploads\/2026\/09\/67067150.jpg\" title=\"Foto: AP\" alt=\"Foto: AP\"\/><br \/>\n\t\t\t\t\t\t\t\t<\/a><\/p>\n<p>\t\t\t\t\t\t\t\t\tFoto: AP<\/p>\n<p>\t\t\t\t\t\t\t<a id=\"preferredSourceBanner\" href=\"https:\/\/www.rtvslo.si\/sport\/atletika\/drugi-dan-v-akciji-sutej-in-gucek\/javascript:void(0)\" target=\"_blank\" class=\"d-none align-items-center justify-content-between rounded my-3\" style=\"padding: 10px 15px;\" rel=\"nofollow noopener\"><br \/>\n\t\t\t\t\t\t<img decoding=\"async\" src=\"https:\/\/img.rtvslo.si\/_static\/novi\/img\/ico-google.svg\" class=\"flex-shrink-0 mr-3\" aria-hidden=\"true\"\/><br \/>\n\t\t\t\t\t\tSpremljajte RTVSLO.si kot prednostni vir na Google<\/p>\n<p>\t\t\t\t\t<\/a><\/p>\n<p>Finale skoka ob palici se je za\u010del ob 19.58. Med sedmerico finalistk ima najbolj\u0161i prijavljeni izid Ameri\u010danka Hana Moll (4,90). Tina \u0160utej je presko\u010dila deset centimetrov manj. Slovenka je v prvem poskusu premagala za\u010detno vi\u0161ino 440 cm. Na 455 cm je potrebovala eno popravo, nato pa spet v prvem poskusu premagala 470 cm. To za zdaj pomeni tretje mesto.<\/p>\n<p>Oglas<\/p>\n<p>Slovenka je nato trikrat podrla 480. Za zmago se bosta udarili Moll in Angelica Moser.<\/p>\n<p>\t\t\t\t\t\t\t\t<a href=\"https:\/\/www.europesays.com\/si\/wp-content\/uploads\/2026\/09\/67094554.jpg\" itemprop=\"contentUrl\" data-size=\"1200x800\" data-large=\"https:\/\/www.europesays.com\/si\/wp-content\/uploads\/2026\/09\/67094554.jpg\"><br \/>\n\t\t\t\t\t\t\t\t\t<img decoding=\"async\" src=\"https:\/\/www.europesays.com\/si\/wp-content\/uploads\/2026\/09\/67094554.jpg\" title=\"Tina \u0160utej. Foto: Reuters\" alt=\"Tina \u0160utej. Foto: Reuters\"\/><br \/>\n\t\t\t\t\t\t\t\t<\/a><\/p>\n<p>\t\t\t\t\t\t\t\t\tTina \u0160utej. Foto: Reuters<\/p>\n<p>400 metrov ovire bo prav zadnja disciplina dneva, Matic Ian Gu\u010dek je letos \u017ee dvakrat popravljal dr\u017eavni rekord, zdaj zna\u0161a 47,80. Slovenec bo tekel na prvi progi. Glavni favorit za zmago je novi svetovni rekorder Alison dos Santos (45,80).<\/p>\n<p>V suvanju krogle je slavil Jamaj\u010dan Rajindra Campbell, ki je s 23,08 postavil izid sezone.<\/p>\n<p>V petek je blestel Kristjan \u010ceh, ki je zmagal v <a href=\"https:\/\/www.rtvslo.si\/sport\/atletika\/ceh-z-rekordom-mitinga-v-bruslju-drugic-zmagovalec-diamantne-lige\/792771\" data-mce-href=\"https:\/\/www.rtvslo.si\/sport\/atletika\/ceh-z-rekordom-mitinga-v-bruslju-drugic-zmagovalec-diamantne-lige\/792771\" data-mce- rel=\"nofollow noopener\" target=\"_blank\">metu diska<\/a>.<\/p>\n<p>\t\t\t\t\t\t\t\t<a href=\"https:\/\/www.europesays.com\/si\/wp-content\/uploads\/2026\/09\/67094526.jpg\" itemprop=\"contentUrl\" data-size=\"1200x800\" data-large=\"https:\/\/www.europesays.com\/si\/wp-content\/uploads\/2026\/09\/67094526.jpg\"><br \/>\n\t\t\t\t\t\t\t\t\t<img decoding=\"async\" src=\"https:\/\/www.europesays.com\/si\/wp-content\/uploads\/2026\/09\/67094526.jpg\" title=\"Foto: Reuters\" alt=\"Foto: Reuters\"\/><br \/>\n\t\t\t\t\t\t\t\t<\/a><\/p>\n<p>\t\t\t\t\t\t\t\t\tFoto: Reuters<\/p>\n<p>\t\t\t\t\t\t\tBruselj, drugi danMo\u0161ki<\/p>\n<p>200 m<\/p>\n<p> 1. K. BEDNAREK       ZDA        19,62<br \/>\n 2. S. DAMBILE        JAR        19,89<br \/>\n 3. M. CHARAMBA       ZIM        19,99<\/p>\n<p>400 m (Gu\u010dek)<\/p>\n<p>5000 m<\/p>\n<p> 1. B. BALEW          BRN     12:45,70<br \/>\n 2. E. NTAKARUTIMANA  BUR     12:46,73<br \/>\n 3. C. KEMBOI         KEN     12:47,29<\/p>\n<p>3000 m zapreke<\/p>\n<p>Krogla<\/p>\n<p> 1. R. CAMPBELL       JAM        23,08<br \/>\n 2. J. GEIST          ZDA        22,23<br \/>\n 3. J. KOVACS         ZDA        22,09<\/p>\n<p>Troskok<\/p>\n<p> 1. A. DIAZ HERNANDEZ ITA        17,74<br \/>\n 2. P. PICHARDO       POR        17,51<br \/>\n 3. J. SCOTT          JAM        17,18<\/p>\n<p>Kopje<\/p>\n<p>\u017denske<\/p>\n<p>100 m<\/p>\n<p> 1. T. CLAYTON        JAM        10,93<br \/>\n 2. A. HUNT           VB         11,06<br \/>\n 3. S. RICHARDSON     ZDA        11,07<\/p>\n<p>400 m<\/p>\n<p> 1. M. PAULINO        DOM        48,64<br \/>\n 2. H. JAEGER         NOR        49,20<br \/>\n 3. N. PRYCE          JAM        49,36<\/p>\n<p>800 m<\/p>\n<p>100 m ovire<\/p>\n<p>1500 m<\/p>\n<p> 1. K. KAZIMIERSKA    POL      3:54,05<br \/>\n 2. D. EWOI           KEN      3:54,72<br \/>\n 3. J. HULL           AVS      3:54,73<\/p>\n<p>Palica (\u0160utej)<\/p>\n<p>Kopje<\/p>\n<p> 1. Z. JAN            KIT        68,42<br \/>\n 2. H. KITAGU\u010cI       JAP        65,44<br \/>\n 3. F. RUIZ HURTADO   KOL        64,07<\/p>\n<p>Vi\u0161ina <br \/>Daljina<\/p>\n<p>Oglas<\/p>\n","protected":false},"excerpt":{"rendered":"Foto: AP Spremljajte RTVSLO.si kot prednostni vir na Google Finale skoka ob palici se je za\u010del ob 19.58.&hellip;\n","protected":false},"author":2,"featured_media":217028,"comment_status":"","ping_status":"","sticky":false,"template":"","format":"standard","meta":{"footnotes":"","_share_on_mastodon":"0"},"categories":[16],"tags":[247,27707,62,37,58,60,38,94,93,249],"class_list":["post-217027","post","type-post","status-publish","format-standard","has-post-thumbnail","category-sport","tag-atletika","tag-matic-ian-gucek","tag-si","tag-slovene","tag-slovenia","tag-slovenija","tag-slovenscina","tag-sport","tag-sports","tag-tina-sutej"],"share_on_mastodon":{"url":"https:\/\/pubeurope.com\/@si\/117220014257333411","error":""},"_links":{"self":[{"href":"https:\/\/www.europesays.com\/si\/wp-json\/wp\/v2\/posts\/217027","targetHints":{"allow":["GET"]}}],"collection":[{"href":"https:\/\/www.europesays.com\/si\/wp-json\/wp\/v2\/posts"}],"about":[{"href":"https:\/\/www.europesays.com\/si\/wp-json\/wp\/v2\/types\/post"}],"author":[{"embeddable":true,"href":"https:\/\/www.europesays.com\/si\/wp-json\/wp\/v2\/users\/2"}],"replies":[{"embeddable":true,"href":"https:\/\/www.europesays.com\/si\/wp-json\/wp\/v2\/comments?post=217027"}],"version-history":[{"count":0,"href":"https:\/\/www.europesays.com\/si\/wp-json\/wp\/v2\/posts\/217027\/revisions"}],"wp:featuredmedia":[{"embeddable":true,"href":"https:\/\/www.europesays.com\/si\/wp-json\/wp\/v2\/media\/217028"}],"wp:attachment":[{"href":"https:\/\/www.europesays.com\/si\/wp-json\/wp\/v2\/media?parent=217027"}],"wp:term":[{"taxonomy":"category","embeddable":true,"href":"https:\/\/www.europesays.com\/si\/wp-json\/wp\/v2\/categories?post=217027"},{"taxonomy":"post_tag","embeddable":true,"href":"https:\/\/www.europesays.com\/si\/wp-json\/wp\/v2\/tags?post=217027"}],"curies":[{"name":"wp","href":"https:\/\/api.w.org\/{rel}","templated":true}]}}