{"id":217051,"date":"2026-09-05T19:45:11","date_gmt":"2026-09-05T19:45:11","guid":{"rendered":"https:\/\/www.europesays.com\/si\/217051\/"},"modified":"2026-09-05T19:45:11","modified_gmt":"2026-09-05T19:45:11","slug":"v-new-yorku-podvig-olimpijske-prvakinje-sinven-dzeng","status":"publish","type":"post","link":"https:\/\/www.europesays.com\/si\/217051\/","title":{"rendered":"V New Yorku podvig olimpijske prvakinje \u0160inven D\u017eeng"},"content":{"rendered":"<p>\t\t\t\t\t\t\t\t<a href=\"https:\/\/www.europesays.com\/si\/wp-content\/uploads\/2026\/09\/67094529.jpg\" itemprop=\"contentUrl\" data-size=\"1200x800\" data-large=\"https:\/\/www.europesays.com\/si\/wp-content\/uploads\/2026\/09\/67094529.jpg\"><br \/>\n\t\t\t\t\t\t\t\t\t<img decoding=\"async\" src=\"https:\/\/www.europesays.com\/si\/wp-content\/uploads\/2026\/09\/67094529.jpg\" title=\"\u0160inven D\u017eeng je na lestvici WTA na 121. mestu. Foto: Reuters\" alt=\"\u0160inven D\u017eeng je na lestvici WTA na 121. mestu. Foto: Reuters\"\/><br \/>\n\t\t\t\t\t\t\t\t<\/a><\/p>\n<p>\t\t\t\t\t\t\t\t\t\u0160inven D\u017eeng je na lestvici WTA na 121. mestu. Foto: Reuters<\/p>\n<p>\t\t\t\t\t\t\t<a id=\"preferredSourceBanner\" href=\"https:\/\/www.rtvslo.si\/sport\/tenis\/v-new-yorku-podvig-olimpijske-prvakinje-sinven-dzeng\/javascript:void(0)\" target=\"_blank\" class=\"d-none align-items-center justify-content-between rounded my-3\" style=\"padding: 10px 15px;\" rel=\"nofollow noopener\"><br \/>\n\t\t\t\t\t\t<img decoding=\"async\" src=\"https:\/\/img.rtvslo.si\/_static\/novi\/img\/ico-google.svg\" class=\"flex-shrink-0 mr-3\" aria-hidden=\"true\"\/><br \/>\n\t\t\t\t\t\tSpremljajte RTVSLO.si kot prednostni vir na Google<\/p>\n<p>\t\t\t\t\t<\/a><\/p>\n<p>Kitajka, ki se je na glavni turnir prebila skozi kvalifikacije, je proti lanski zmagovalki Melbourna pri zaostanku 2:5 re\u0161ila tudi zaklju\u010dno \u017eogo.<\/p>\n<p>Oglas<\/p>\n<p>Keys je v prej\u0161njem krogu izvlekla proti Mad\u017earki Anni Bondar, ki je v tretjem nizu vodila 5:2 in imela pet zaklju\u010dnih \u017eog, a prednosti ni znala unov\u010diti, <\/p>\n<p>Presenetila je tudi Anastasia Potapova, ki je s 6:2, 7:5 izlo\u010dila 10. nosilko, lansko finalistko Amando Anisimovo.<\/p>\n<p>V mo\u0161ki konkurenci je Taylor Fritz vodil z 2:0 v nizih in imel v tretjem brejk prednosti, a je moral na koncu priznati premo\u010d Argentincu Franciscu Cerundolu. Kon\u010dni izid je bil 3:6, 4:6, 6:3, 6:4, 6:4.  <\/p>\n<p>3. krog (\u017d):<\/p>\n<p>SABALENKA (BLR\/1) &#8211; RAHIMOVA (UZB) <br \/>6:3, 6:4 <br \/>TOWNSEND (ZDA) &#8211; \u0160NAJDER (RUS\/15) <br \/>6:2, 6:7 (3), 6:3 <br \/>KOSTJUK (UKR\/11) &#8211; ALEKSANDROVA RUS\/18 <br \/>6:3, 6:2 <br \/>NOSKOVA (\u010cE\u0160\/6) &#8211; LI (ZDA\/29) <br \/>6:2, 6:7 (6), 6:2 <br \/>PEGULA (ZDA\/3) &#8211; FERNANDEZ (KAN\/31) <br \/>1:6, 6:4, 6:3 <br \/>CIRSTEA (ROM\/16) &#8211; PAOLINI (ITA\/19) <br \/>6:3, 6:3 <br \/>KALINSKA (RUS\/21) &#8211; SVITOLINA (UKR\/9) <br \/>6:3, 2:6, 6:3 <br \/>NAVARRO (ZDA\/26) &#8211; MUCHOVA (\u010cE\u0160\/7) <br \/>6:3, 7:5<\/p>\n<p>ANDREJEVA (RUS\/5) &#8211; BARTUNKOVA (\u010cE\u0160) <br \/>6:2, 7:6 (5) <br \/>POTAPOVA (AVT\/24) &#8211; ANISIMOVA (ZDA\/10)<br \/>6:2, 7:5 <br \/>JOVIC (ZDA\/14) &#8211; EALA (FIL\/17) <br \/>GAUFF (ZDA\/4) &#8211; BUCSA (\u0160PA) <br \/>SWIATEK (POL\/8) &#8211; BOUZKOVA (\u010cE\u0160\/25) <br \/>D\u017dENG (KIT) &#8211; KEYS (ZDA\/22) <br \/>1:6, 7:6 (3), 7:5 <br \/>OSAKA (JAP\/13) &#8211; MERTENS (BEL\/23) <br \/>RIBAKINA (KAZ\/2) &#8211; STARODUBCEVA (UKR)<\/p>\n<p>3. krog (M):<\/p>\n<p>ZVEREV (NEM\/1) &#8211; TABILO (\u010cIL\/25) <br \/>DARDERI (ITA\/21) &#8211; SWEENY (AVS) <br \/>ZHENG (ZDA) &#8211; GEA (FRA) <br \/>BERGS (BEL\/31) &#8211; VAN DE ZANDSCHULP(NIZ)<br \/>HA\u010cANOV (RUS) &#8211; BONZI (FRA) <br \/>TIEN (ZDA\/14) &#8211; MEN\u0160IK (\u010cE\u0160\/17) <br \/>F. CERUNDOLO (ARG\/24) &#8211; FRITZ (ZDA\/9)<br \/>3:6, 4:6, 6:3, 6:4, 6:4<br \/>COBOLLI (ITA\/5) &#8211; BLOCKX (BEL\/28)<\/p>\n<p>MEDVEDJEV (RUS\/7) &#8211; RINDERKNECH FRA\/26 <br \/>6:4, 6:4, 6:4 <br \/>TIAFOE (ZDA\/11) &#8211; VACHEROT (MON\/22) <br \/>6:4, 6:2, 6:4 <br \/>MICHELSEN (ZDA) &#8211; MERIDA (\u0160PA) <br \/>7:6 (5), 6:4, 6:3 <br \/>ETCHEVERRY (ARG\/27) &#8211; NAVONE (ARG) <br \/>6:4, 6:4, 6:3 <br \/>SHELTON (ZDA\/8) &#8211; SHAPOVALOV (KAN) <br \/>7:6 (3), 6:7 (5), 6:3, 6:4 <br \/>CICIPAS (GR\u010c) &#8211; LEHE\u010cKA (\u010cE\u0160\/18) <br \/>2:6, 6:1, 7:6 (3), 6:1 <br \/>PAUL (ZDA\/20) &#8211; BUBLIK (KAZ\/15) <br \/>6:4, 3:6, 6:7 (4), 6:1, 6:3 <br \/>ALCARAZ (\u0160PA\/2) &#8211; VU (KIT) <br \/>6:3, 6:4, 6:1<\/p>\n<p>Oglas<\/p>\n","protected":false},"excerpt":{"rendered":"\u0160inven D\u017eeng je na lestvici WTA na 121. mestu. Foto: Reuters Spremljajte RTVSLO.si kot prednostni vir na Google&hellip;\n","protected":false},"author":2,"featured_media":217052,"comment_status":"","ping_status":"","sticky":false,"template":"","format":"standard","meta":{"footnotes":"","_share_on_mastodon":"0"},"categories":[16],"tags":[52905,52906,807,52904,62,52907,37,58,60,38,94,93],"class_list":["post-217051","post","type-post","status-publish","format-standard","has-post-thumbnail","category-sport","tag-anisimova","tag-keys","tag-new-york","tag-potapova","tag-si","tag-sinven-dzeng","tag-slovene","tag-slovenia","tag-slovenija","tag-slovenscina","tag-sport","tag-sports"],"share_on_mastodon":{"url":"https:\/\/pubeurope.com\/@si\/117220155668094982","error":""},"_links":{"self":[{"href":"https:\/\/www.europesays.com\/si\/wp-json\/wp\/v2\/posts\/217051","targetHints":{"allow":["GET"]}}],"collection":[{"href":"https:\/\/www.europesays.com\/si\/wp-json\/wp\/v2\/posts"}],"about":[{"href":"https:\/\/www.europesays.com\/si\/wp-json\/wp\/v2\/types\/post"}],"author":[{"embeddable":true,"href":"https:\/\/www.europesays.com\/si\/wp-json\/wp\/v2\/users\/2"}],"replies":[{"embeddable":true,"href":"https:\/\/www.europesays.com\/si\/wp-json\/wp\/v2\/comments?post=217051"}],"version-history":[{"count":0,"href":"https:\/\/www.europesays.com\/si\/wp-json\/wp\/v2\/posts\/217051\/revisions"}],"wp:featuredmedia":[{"embeddable":true,"href":"https:\/\/www.europesays.com\/si\/wp-json\/wp\/v2\/media\/217052"}],"wp:attachment":[{"href":"https:\/\/www.europesays.com\/si\/wp-json\/wp\/v2\/media?parent=217051"}],"wp:term":[{"taxonomy":"category","embeddable":true,"href":"https:\/\/www.europesays.com\/si\/wp-json\/wp\/v2\/categories?post=217051"},{"taxonomy":"post_tag","embeddable":true,"href":"https:\/\/www.europesays.com\/si\/wp-json\/wp\/v2\/tags?post=217051"}],"curies":[{"name":"wp","href":"https:\/\/api.w.org\/{rel}","templated":true}]}}