{"id":217075,"date":"2026-09-05T20:27:08","date_gmt":"2026-09-05T20:27:08","guid":{"rendered":"https:\/\/www.europesays.com\/si\/217075\/"},"modified":"2026-09-05T20:27:08","modified_gmt":"2026-09-05T20:27:08","slug":"melonijeva-jansi-po-cestitki-ob-rekordu-vase-besede-so-mi-v-posebno-veselje","status":"publish","type":"post","link":"https:\/\/www.europesays.com\/si\/217075\/","title":{"rendered":"Melonijeva Jan\u0161i po \u010destitki ob rekordu: Va\u0161e besede so mi v posebno veselje"},"content":{"rendered":"<p>Italijanska premierka Giorgia Meloni se je odzvala na \u010destitko slovenskega premierja Janeza Jan\u0161e ob zgodovinskem mejniku njene vlade. Ta je v petek dosegla 1.413 neprekinjenih dni na oblasti in s tem postala najdlje trajajo\u010da vlada v zgodovini Italijanske republike. Melonijeva je Jan\u0161o v odgovoru ozna\u010dila za prijatelja in zaveznika, s katerim deli \u0161tevilne vrednote.<\/p>\n<p>Slovenski premier Janez Jan\u0161a je v petek na dru\u017ebenem omre\u017eju X Giorgii Meloni \u010destital za, kot je zapisal, zgodovinski dose\u017eek &#8211; vodenje najdlje trajajo\u010de vlade v zgodovini Italijanske republike.<\/p>\n<p>&#8220;Politi\u010dna stabilnost je pomembna. Vodstvo je pomembno,&#8221; je poudaril Jan\u0161a in dodal, da je &#8220;mo\u010dna in samozavestna Italija pomembna&#8221; za Slovenijo, regijo in Evropo. Kot sosedi in zaveznici imata dr\u017eavi po njegovih besedah veliko temeljev za nadaljnje sodelovanje in \u0161e ve\u010d prilo\u017enosti, ki jih lahko skupaj uresni\u010dita.<\/p>\n<p dir=\"ltr\" lang=\"en\">Congratulations to <a href=\"https:\/\/x.com\/GiorgiaMeloni?ref_src=twsrc%5Etfw\" rel=\"nofollow\">@GiorgiaMeloni<\/a> on a historic achievement &#8211; leading the longest-serving Government in the history of the Italian Republic. Political stability matters. Leadership matters.<br \/>And a strong, confident Italy matters, to Slovenia, to our region and to Europe. As\u2026 <a href=\"https:\/\/t.co\/D7LW0q4vAA\" rel=\"nofollow\">pic.twitter.com\/D7LW0q4vAA<\/a><\/p>\n<p>\u2014 Janez Jan\u0161a (@JJansaSDS) <a href=\"https:\/\/x.com\/JJansaSDS\/status\/2095792106899898371?ref_src=twsrc%5Etfw\" rel=\"nofollow\">September 4, 2026<\/a><\/p>\n<p>Melonijeva: Jan\u0161a je prijatelj in zaveznik<\/p>\n<p>Na Jan\u0161evo \u010destitko se je danes odzvala Melonijeva. Zapisala je, da so ji njegove besede &#8220;v posebno veselje&#8221;, saj prihajajo od prijatelja in zaveznika, s katerim deli \u0161tevilne vrednote.<\/p>\n<p>49-letna premierka je v nadaljevanju poudarila odnose med Slovenijo in Italijo. Po njenih besedah sta dr\u017eavi zgradili trden odnos, ki temelji na medsebojnem spo\u0161tovanju ter prepri\u010danju, da morata Italija in Slovenija odlo\u010dno zagovarjati svoje interese, varnost in identiteto.<\/p>\n<p dir=\"ltr\" lang=\"it\">Caro <a href=\"https:\/\/x.com\/JJansaSDS?ref_src=twsrc%5Etfw\" rel=\"nofollow\">@JJansaSDS<\/a>, le tue parole mi fanno particolarmente piacere, perch\u00e9 arrivano da un amico e da un alleato con cui condivido molti valori.<br \/>Italia e Slovenia hanno costruito negli anni un rapporto solido, fondato sulla stima reciproca e sulla convinzione che le nostre Nazioni\u2026 <a href=\"https:\/\/t.co\/TSMjG0U0wS\" rel=\"nofollow\">https:\/\/t.co\/TSMjG0U0wS<\/a><\/p>\n<p>\u2014 Giorgia Meloni (@GiorgiaMeloni) <a href=\"https:\/\/x.com\/GiorgiaMeloni\/status\/2096278291996901850?ref_src=twsrc%5Etfw\" rel=\"nofollow\">September 5, 2026<\/a><\/p>\n<p>Melonijeva je ob tem izpostavila tudi evropsko razse\u017enost sodelovanja. Rim in Ljubljana po njenem ne povezuje zgolj geografska bli\u017eina, ampak tudi skupna odgovornost za prispevek k mo\u010dnej\u0161i in varnej\u0161i Evropi, ki se bolj zaveda svojih korenin.<\/p>\n<p>Presegla Berlusconijev rekord<\/p>\n<p>Vlada Giorgie Meloni je 4. septembra dosegla 1.413 dni neprekinjenega mandata, s \u010dimer je presegla dosedanji rekord druge vlade Silvia Berlusconija. Ta je med 11. junijem 2001 in 23. aprilom 2005 trajala 1.412 dni.<\/p>\n<p>Melonijeva je polo\u017eaj predsednice italijanske vlade prevzela 22. oktobra 2022 kot prva \u017eenska na tem polo\u017eaju. Z novim rekordom je njena vlada postala najdlje neprekinjeno delujo\u010di kabinet v povojni zgodovini Italije.<\/p>\n<p>Na shodu v Bariju ve\u010d tiso\u010d ljudi<\/p>\n<p>Desna vlada italijanske premierke je najdalj\u0161e vodenje dr\u017eave praznovala v petek na shodu v pristani\u0161kem mestu Bari.\u00a0Shoda,\u00a0ki ga je organizirala stranka Bratje Italije, se je udele\u017eilo ve\u010d tiso\u010d ljudi, mnogi so se tja z avtobusi pripeljali iz drugih delov dr\u017eave.<\/p>\n<p>Melonijeva je v govoru pred mno\u017eico privr\u017eencev dejala, da bi bolj kot na rekord morali biti ponosni na to, da imajo po toliko dneh na oblasti \u0161e vedno vi\u0161jo podporo kot prvi dan. &#8220;Nismo skupaj, da bi porazili nasprotnika. Skupaj smo, da bi gradili ideje,&#8221; je dejala. Stabilnost je ozna\u010dila za prvo veliko reformo s podpisom njene vlade.<\/p>\n<p>Med drugim je napovedala gradnjo novih zaporov, da bi zagotovili, da bodo vsa kazniva dejanja ustrezno kaznovana. Dodala je, da prenatrpanosti zaporov ne bodo re\u0161evali s pomilostitvami ali amnestijami.<\/p>\n<p>Priznala je, da ji kot prvi \u017eenski na polo\u017eaju predsednice italijanske vlade ni bilo vedno lahko. &#8220;Bili so dnevi, ko sem se po\u010dutila, kot da plavam v lepilu, a nikoli se nisem vdala in se tudi ne nameravam,&#8221; je zagotovila ob aplavzu podpornikov.<\/p>\n<p>V Bariju so se zbrali tudi kritiki, ki so vlado obto\u017eili, da ustvarja &#8220;vojno in oro\u017earsko gospodarstvo&#8221; ter &#8220;policijsko dr\u017eavo&#8221;. O\u010ditali so ji tudi, da pod\u017eiga sovra\u0161tvo do migrantov. Italijo, ki je v zadnjih 80 letih imela skoraj 70 vlad, sicer prihodnje leto \u010dakajo nove parlamentarne volitve, zato so shod vladajo\u010de stranke mnogi videli \u017ee kot predvolilni dogodek.<\/p>\n<p>                <script async src=\"https:\/\/platform.twitter.com\/widgets.js\" charset=\"utf-8\"><\/script><\/p>\n","protected":false},"excerpt":{"rendered":"Italijanska premierka Giorgia Meloni se je odzvala na \u010destitko slovenskega premierja Janeza Jan\u0161e ob zgodovinskem mejniku njene vlade.&hellip;\n","protected":false},"author":2,"featured_media":217076,"comment_status":"","ping_status":"","sticky":false,"template":"","format":"standard","meta":{"footnotes":"","_share_on_mastodon":"0"},"categories":[20],"tags":[52646,5595,32,1018,51,35,31,34,36,37,38,33,1306],"class_list":["post-217075","post","type-post","status-publish","format-standard","has-post-thumbnail","category-novice","tag-bari","tag-giorgia-meloni","tag-headlines","tag-italija","tag-janez-jansa","tag-najpomembnejse-novice","tag-news","tag-novice","tag-osrednje-novice","tag-slovene","tag-slovenscina","tag-top-stories","tag-vlada"],"share_on_mastodon":{"url":"https:\/\/pubeurope.com\/@si\/117220320582712706","error":""},"_links":{"self":[{"href":"https:\/\/www.europesays.com\/si\/wp-json\/wp\/v2\/posts\/217075","targetHints":{"allow":["GET"]}}],"collection":[{"href":"https:\/\/www.europesays.com\/si\/wp-json\/wp\/v2\/posts"}],"about":[{"href":"https:\/\/www.europesays.com\/si\/wp-json\/wp\/v2\/types\/post"}],"author":[{"embeddable":true,"href":"https:\/\/www.europesays.com\/si\/wp-json\/wp\/v2\/users\/2"}],"replies":[{"embeddable":true,"href":"https:\/\/www.europesays.com\/si\/wp-json\/wp\/v2\/comments?post=217075"}],"version-history":[{"count":0,"href":"https:\/\/www.europesays.com\/si\/wp-json\/wp\/v2\/posts\/217075\/revisions"}],"wp:featuredmedia":[{"embeddable":true,"href":"https:\/\/www.europesays.com\/si\/wp-json\/wp\/v2\/media\/217076"}],"wp:attachment":[{"href":"https:\/\/www.europesays.com\/si\/wp-json\/wp\/v2\/media?parent=217075"}],"wp:term":[{"taxonomy":"category","embeddable":true,"href":"https:\/\/www.europesays.com\/si\/wp-json\/wp\/v2\/categories?post=217075"},{"taxonomy":"post_tag","embeddable":true,"href":"https:\/\/www.europesays.com\/si\/wp-json\/wp\/v2\/tags?post=217075"}],"curies":[{"name":"wp","href":"https:\/\/api.w.org\/{rel}","templated":true}]}}