{"id":217127,"date":"2026-09-05T22:14:14","date_gmt":"2026-09-05T22:14:14","guid":{"rendered":"https:\/\/www.europesays.com\/si\/217127\/"},"modified":"2026-09-05T22:14:14","modified_gmt":"2026-09-05T22:14:14","slug":"finale-diamantne-lige-sutej-tretja-gucek-sedmi","status":"publish","type":"post","link":"https:\/\/www.europesays.com\/si\/217127\/","title":{"rendered":"Finale Diamantne lige: \u0160utej tretja, Gu\u010dek sedmi"},"content":{"rendered":"<p>\t\t\t\t\t\t\t\t<a href=\"https:\/\/www.europesays.com\/si\/wp-content\/uploads\/2026\/09\/67094628.jpg\" itemprop=\"contentUrl\" data-size=\"1200x800\" data-large=\"https:\/\/www.europesays.com\/si\/wp-content\/uploads\/2026\/09\/67094628.jpg\"><br \/>\n\t\t\t\t\t\t\t\t\t<img decoding=\"async\" src=\"https:\/\/www.europesays.com\/si\/wp-content\/uploads\/2026\/09\/67094628.jpg\" title=\"Alison dos Santos je bil suveren na nizkih ovirah. Foto: Reuters\" alt=\"Alison dos Santos je bil suveren na nizkih ovirah. Foto: Reuters\"\/><br \/>\n\t\t\t\t\t\t\t\t<\/a><\/p>\n<p>\t\t\t\t\t\t\t\t\tAlison dos Santos je bil suveren na nizkih ovirah. Foto: Reuters<\/p>\n<p>\t\t\t\t\t\t\t<a id=\"preferredSourceBanner\" href=\"https:\/\/www.rtvslo.si\/sport\/atletika\/finale-diamantne-lige-sutej-tretja-gucek-sedmi\/javascript:void(0)\" target=\"_blank\" class=\"d-none align-items-center justify-content-between rounded my-3\" style=\"padding: 10px 15px;\" rel=\"nofollow noopener\"><br \/>\n\t\t\t\t\t\t<img decoding=\"async\" src=\"https:\/\/img.rtvslo.si\/_static\/novi\/img\/ico-google.svg\" class=\"flex-shrink-0 mr-3\" aria-hidden=\"true\"\/><br \/>\n\t\t\t\t\t\tSpremljajte RTVSLO.si kot prednostni vir na Google<\/p>\n<p>\t\t\t\t\t<\/a><\/p>\n<p>V skoku ob palici je slavila Ameri\u010danka Hana Moll, ki je imela tudi najbolj\u0161i prijavljeni izid. S 491 cm je tudi postavila osebni rekord. Druga je bila \u0160vicarka Angelica Moser (480).<\/p>\n<p>Oglas<\/p>\n<p>Tina \u0160utej je v prvem poskusu premagala za\u010detno vi\u0161ino 440 cm. Na 455 cm je potrebovala eno popravo, nato pa spet v prvem poskusu premagala 470 cm. Naslednje vi\u0161ine ji ni ve\u010d uspelo presko\u010diti. 470 cm je premagala tudi Katie Moon, a \u0161ele v drugem poskusu.<\/p>\n<p>\t\t\t\t\t\t\t\t<a href=\"https:\/\/www.europesays.com\/si\/wp-content\/uploads\/2026\/09\/1788646453_159_67094554.jpg\" itemprop=\"contentUrl\" data-size=\"1200x800\" data-large=\"https:\/\/www.europesays.com\/si\/wp-content\/uploads\/2026\/09\/1788646453_159_67094554.jpg\"><br \/>\n\t\t\t\t\t\t\t\t\t<img decoding=\"async\" src=\"https:\/\/www.europesays.com\/si\/wp-content\/uploads\/2026\/09\/1788646453_159_67094554.jpg\" title=\"Tina \u0160utej. Foto: Reuters\" alt=\"Tina \u0160utej. Foto: Reuters\"\/><br \/>\n\t\t\t\t\t\t\t\t<\/a><\/p>\n<p>\t\t\t\t\t\t\t\t\tTina \u0160utej. Foto: Reuters<\/p>\n<p>400 metrov ovire je bila prav zadnja disciplina dneva. Spet je bil razred zase novope\u010deni svetovni prvak Alison dos Santos. Brazilec je bil tokrat sicer slabo sekundo po\u010dasnej\u0161i od svojega rekorda, vseeno pa je s \u010dasom 46,70 suvereno slavil. <\/p>\n<p>Brazilec je za ve\u010d kot sekundo ugnal vse preostale, med drugim in osmim mestom pa je bilo vsega 34 stotink razlike! Drugi je bil Trevor Bassitt (48,03), tretji pa Matheus Lima (48,18). <\/p>\n<p>Matic Ian Gu\u010dek je stopni\u010dke zgre\u0161il za vsega 15 stotink, tekel je 48,33.<\/p>\n<p>Masai Russell postavila rekord mitinga<br \/>Tudi drugi dan tekmovanj sicer ni manjkalo dobrih izidov in rekordov mitinga. Veliko se je na 100 metrov z ovirami pri\u010dakovalo od Ameri\u010danke Masai Russell, ki je v Z\u00fcrichu s \u010dasom 12,09 postavila svetovni rekord, toda tokrat je bila 11 stotink sekunde po\u010dasnej\u0161a, kar pa je bil vseeno rekord mitinga.<\/p>\n<p>\t\t\t\t\t\t\t\t<a href=\"https:\/\/www.europesays.com\/si\/wp-content\/uploads\/2026\/09\/1788646454_191_67094526.jpg\" itemprop=\"contentUrl\" data-size=\"1200x800\" data-large=\"https:\/\/www.europesays.com\/si\/wp-content\/uploads\/2026\/09\/1788646454_191_67094526.jpg\"><br \/>\n\t\t\t\t\t\t\t\t\t<img decoding=\"async\" src=\"https:\/\/www.europesays.com\/si\/wp-content\/uploads\/2026\/09\/1788646454_191_67094526.jpg\" title=\"Foto: Reuters\" alt=\"Foto: Reuters\"\/><br \/>\n\t\t\t\t\t\t\t\t<\/a><\/p>\n<p>\t\t\t\t\t\t\t\t\tFoto: Reuters<\/p>\n<p>V \u017eenskem teku na 400 metrov je za rekord mitinga s \u010dasom 48,64 poskrbela olimpijska in dvakratna svetovna prvakinja Marileidy Paulino iz Dominikanske republike. Na 100 metrov je s \u010dasom 10,93 zmagala Jamaj\u010danka Tina Clayton, na 1500 metrov je rekord mitinga in tudi najbolj\u0161i izid sezone 3:54,05 postavila Poljakinja Klaudia Kazimierska, rekord mitinga pa je na 800 metrov uspel tudi \u0160vicarki Audrey Werro, vknji\u017eila je \u010das 1:54,75. V \u017eenskem metu kopja je z 68,42 m Kitajka Ziji Jan prav tako postavila rekord mitinga.<\/p>\n<p>Pri mo\u0161kih je Jamaj\u010dan Rajindra Campbell kroglo zalu\u010dal 23,08 m, kar je najbolj\u0161i izid sezone in rekord mitinga. Rekord mitinga je v troskoku s 17,74 postavil tudi Italijan Andy Diaz Hernandez, v metu kopja je z 89,04 zmagal Rumesh Tharanga Pathirage iz \u0160rilanke. Na 200 metrov je z najbolj\u0161im \u010dasom sezone 19,62 zmagal ameri\u0161ki \u0161ampion Kenneth Bednarek, izid sezone je z 12:45,70 na 5000 metrov izbolj\u0161al tudi Birhane Balew iz Burundija. Na 5000 metrov je bil nekoliko presenetljivo najbolj\u0161i Etiopijec Gemechu Godana.<\/p>\n<p>V petek je blestel Kristjan \u010ceh, ki je zmagal v <a href=\"https:\/\/www.rtvslo.si\/sport\/atletika\/ceh-z-rekordom-mitinga-v-bruslju-drugic-zmagovalec-diamantne-lige\/792771\" data-mce-href=\"https:\/\/www.rtvslo.si\/sport\/atletika\/ceh-z-rekordom-mitinga-v-bruslju-drugic-zmagovalec-diamantne-lige\/792771\" data-mce- rel=\"nofollow noopener\" target=\"_blank\">metu diska<\/a>.<\/p>\n<p>Bruselj, drugi danMo\u0161ki<\/p>\n<p>200 m<\/p>\n<p> 1. K. BEDNAREK       ZDA        19,62<br \/>\n 2. S. DAMBILE        JAR        19,89<br \/>\n 3. M. CHARAMBA       ZIM        19,99<\/p>\n<p>400 m<\/p>\n<p> 1. A. DOS SANTOS     BRA        46,70<br \/>\n 2. T. BASSITT        ZDA        48,03<br \/>\n 3. M. LIMA           BRA        48,18<br \/>\n 7. M. I. GU\u010cEK       SLO        48,33<\/p>\n<p>5000 m<\/p>\n<p> 1. B. BALEW          BRN     12:45,70<br \/>\n 2. E. NTAKARUTIMANA  BUR     12:46,73<br \/>\n 3. C. KEMBOI         KEN     12:47,29<\/p>\n<p>3000 m zapreke<\/p>\n<p> 1. G. GODANA         ETI      8:08,67<br \/>\n 2. S. EL BAKKALI     MAR      8:10,03<br \/>\n 3. S. KOECH          KEN      8:11,15<\/p>\n<p>Krogla<\/p>\n<p> 1. R. CAMPBELL       JAM        23,08<br \/>\n 2. J. GEIST          ZDA        22,23<br \/>\n 3. J. KOVACS         ZDA        22,09<\/p>\n<p>Troskok<\/p>\n<p> 1. A. DIAZ HERNANDEZ ITA        17,74<br \/>\n 2. P. PICHARDO       POR        17,51<br \/>\n 3. J. SCOTT          JAM        17,18<\/p>\n<p>Kopje<\/p>\n<p> 1. R. PATHIRAGE      \u0160RI        89,04<br \/>\n 2. D. WEGNER         POL        87,47<br \/>\n 3. K. WALCOTT        TIT        83,99\u017denske<\/p>\n<p>100 m<\/p>\n<p> 1. T. CLAYTON        JAM        10,93<br \/>\n 2. A. HUNT           VB         11,06<br \/>\n 3. S. RICHARDSON     ZDA        11,07<\/p>\n<p>400 m<\/p>\n<p> 1. M. PAULINO        DOM        48,64<br \/>\n 2. H. JAEGER         NOR        49,20<br \/>\n 3. N. PRYCE          JAM        49,36<\/p>\n<p>800 m<\/p>\n<p> 1. A. WERRO          \u0160VI      1:54,75<br \/>\n 2. F. BROEDERS BOL   NIZ      1:54,81<br \/>\n 3. S. TSEHAYE        ETI      1:57,57<\/p>\n<p>100 m ovire<\/p>\n<p> 1. M. RUSSELL        ZDA        12,20<br \/>\n 2. D. CHARLTON       BAH        12,33<br \/>\n 3. M. SIMMONDS       JAM        12,43<\/p>\n<p>1500 m<\/p>\n<p> 1. K. KAZIMIERSKA    POL      3:54,05<br \/>\n 2. D. EWOI           KEN      3:54,72<br \/>\n 3. J. HULL           AVS      3:54,73<\/p>\n<p>Palica<\/p>\n<p> 1. H. MOLL           ZDA         4,91<br \/>\n 2. A. MOSER          \u0160VI         4,80<br \/>\n 3. T. \u0160UTEJ          SLO         4,70<\/p>\n<p>Kopje<\/p>\n<p> 1. Z. JAN            KIT        68,42<br \/>\n 2. H. KITAGU\u010cI       JAP        65,44<br \/>\n 3. F. RUIZ HURTADO   KOL        64,07<\/p>\n<p>Vi\u0161ina<\/p>\n<p> 1. E. PATTERSON      AVS         2,01<br \/>\n 2. J. MAHU\u010cIH        UKR         1,99<br \/>\n 3. N. OLYSLAGERS     AVS         1,95<\/p>\n<p>Daljina<\/p>\n<p> 1. M. NICHOLS        ZDA          691<br \/>\n 2. L. IAPICHINO      ITA          686<br \/>\n 3. C. BRYANT         ZDA          683<\/p>\n<p>Oglas<\/p>\n","protected":false},"excerpt":{"rendered":"Alison dos Santos je bil suveren na nizkih ovirah. Foto: Reuters Spremljajte RTVSLO.si kot prednostni vir na Google&hellip;\n","protected":false},"author":2,"featured_media":217128,"comment_status":"","ping_status":"","sticky":false,"template":"","format":"standard","meta":{"footnotes":"","_share_on_mastodon":"0"},"categories":[16],"tags":[247,27707,62,37,58,60,38,94,93,249],"class_list":["post-217127","post","type-post","status-publish","format-standard","has-post-thumbnail","category-sport","tag-atletika","tag-matic-ian-gucek","tag-si","tag-slovene","tag-slovenia","tag-slovenija","tag-slovenscina","tag-sport","tag-sports","tag-tina-sutej"],"share_on_mastodon":{"url":"https:\/\/pubeurope.com\/@si\/117220741419416718","error":""},"_links":{"self":[{"href":"https:\/\/www.europesays.com\/si\/wp-json\/wp\/v2\/posts\/217127","targetHints":{"allow":["GET"]}}],"collection":[{"href":"https:\/\/www.europesays.com\/si\/wp-json\/wp\/v2\/posts"}],"about":[{"href":"https:\/\/www.europesays.com\/si\/wp-json\/wp\/v2\/types\/post"}],"author":[{"embeddable":true,"href":"https:\/\/www.europesays.com\/si\/wp-json\/wp\/v2\/users\/2"}],"replies":[{"embeddable":true,"href":"https:\/\/www.europesays.com\/si\/wp-json\/wp\/v2\/comments?post=217127"}],"version-history":[{"count":0,"href":"https:\/\/www.europesays.com\/si\/wp-json\/wp\/v2\/posts\/217127\/revisions"}],"wp:featuredmedia":[{"embeddable":true,"href":"https:\/\/www.europesays.com\/si\/wp-json\/wp\/v2\/media\/217128"}],"wp:attachment":[{"href":"https:\/\/www.europesays.com\/si\/wp-json\/wp\/v2\/media?parent=217127"}],"wp:term":[{"taxonomy":"category","embeddable":true,"href":"https:\/\/www.europesays.com\/si\/wp-json\/wp\/v2\/categories?post=217127"},{"taxonomy":"post_tag","embeddable":true,"href":"https:\/\/www.europesays.com\/si\/wp-json\/wp\/v2\/tags?post=217127"}],"curies":[{"name":"wp","href":"https:\/\/api.w.org\/{rel}","templated":true}]}}