{"id":217131,"date":"2026-09-05T22:18:09","date_gmt":"2026-09-05T22:18:09","guid":{"rendered":"https:\/\/www.europesays.com\/si\/217131\/"},"modified":"2026-09-05T22:18:09","modified_gmt":"2026-09-05T22:18:09","slug":"nemcija-pred-prelomnimi-dezelnimi-volitvami-po-zadnjih-anketah-patriotska-afd-dalec-spredaj","status":"publish","type":"post","link":"https:\/\/www.europesays.com\/si\/217131\/","title":{"rendered":"Nem\u010dija pred prelomnimi de\u017eelnimi volitvami: po zadnjih anketah patriotska AfD dale\u010d spredaj"},"content":{"rendered":"<p>V nedeljo gredo volivci v zvezni de\u017eeli Sa\u0161ki-Anhalt na de\u017eelne volitve. Okoli 1,7 milijona volilnih upravi\u010dencev bo odlo\u010dalo o sestavi de\u017eelnega parlamenta in posledi\u010dno de\u017eelne vlade.<\/p>\n<p>Po anketah je patriotska AfD najmo\u010dnej\u0161a politi\u010dna stranka. Ankete ka\u017eejo, da bo dobila med 41 in 42 odstotkov glasov, medtem ko se CDU (EPP) Svena Schulzeja (sedanji minister za gospodarstvo, turizem, kmetijstvo in gozdarstvo v de\u017eelni vladi) obeta okoli 23 odstotkov glasov. Po anketah sledijo skrajni levi\u010darji v Linke (od 11 do 12 odstotkov glasov) in socialni demokrati (okoli devet odstotkov glasov). Zeleni in manj\u0161e stranke, vklju\u010dno z BSW in FDP, se borijo za vstop v parlament (vstopni prag je pet odstotkov).<\/p>\n<p>Trenutna koalicija CDU\u2013SPD\u2013FDP bo skoraj gotovo izgubila ve\u010dino. AfD bi lahko prvi\u010d postala najmo\u010dnej\u0161a stranka, a absolutne ve\u010dine po zadnjih meritvah nima. Sestava nove vlade bo te\u017eavna, saj nobena stranka no\u010de sodelovati z AfD. Celo CDU, ki je kr\u0161\u010dansko-demokratska stranka z dokaj klasi\u010dno-liberalnim ekonomskim programom gre v koalicijo raj\u0161i z levi\u010darskimi ekstremisti kot z AfD.<\/p>\n<p>Vzhodna Nem\u010dija sicer \u017ee leta ka\u017ee, kam peljejo politike, ki so dolgo veljale za edino pravilne: odprtost meja brez nadzora, napihnjena birokracija in ideolo\u0161ki projekti, ki so oddaljeni od vsakdanjih skrbi ljudi. Volivci o\u010ditno ne verjamejo ve\u010d, da bo isti recept re\u0161il probleme, ki so jih ti isti recepti ustvarili. Predvsem pa so mainstream politi\u010dne stranke pozabile, kaj pomeni \u017eiveti v lastni dr\u017eavi in odlo\u010dati o svoji usodi.<\/p>\n<p>Jo\u017ee Bi\u0161\u010dak<\/p>\n<p>\u00a0<\/p>\n","protected":false},"excerpt":{"rendered":"V nedeljo gredo volivci v zvezni de\u017eeli Sa\u0161ki-Anhalt na de\u017eelne volitve. Okoli 1,7 milijona volilnih upravi\u010dencev bo odlo\u010dalo&hellip;\n","protected":false},"author":2,"featured_media":217132,"comment_status":"","ping_status":"","sticky":false,"template":"","format":"standard","meta":{"footnotes":"","_share_on_mastodon":"0"},"categories":[8],"tags":[2296,495,52913,493,37,38,64,203,63],"class_list":["post-217131","post","type-post","status-publish","format-standard","has-post-thumbnail","category-svet","tag-afd","tag-cdu","tag-dezelne-volitve","tag-nemcija","tag-slovene","tag-slovenscina","tag-svet","tag-volitve","tag-world"],"share_on_mastodon":{"url":"https:\/\/pubeurope.com\/@si\/117220757140791316","error":""},"_links":{"self":[{"href":"https:\/\/www.europesays.com\/si\/wp-json\/wp\/v2\/posts\/217131","targetHints":{"allow":["GET"]}}],"collection":[{"href":"https:\/\/www.europesays.com\/si\/wp-json\/wp\/v2\/posts"}],"about":[{"href":"https:\/\/www.europesays.com\/si\/wp-json\/wp\/v2\/types\/post"}],"author":[{"embeddable":true,"href":"https:\/\/www.europesays.com\/si\/wp-json\/wp\/v2\/users\/2"}],"replies":[{"embeddable":true,"href":"https:\/\/www.europesays.com\/si\/wp-json\/wp\/v2\/comments?post=217131"}],"version-history":[{"count":0,"href":"https:\/\/www.europesays.com\/si\/wp-json\/wp\/v2\/posts\/217131\/revisions"}],"wp:featuredmedia":[{"embeddable":true,"href":"https:\/\/www.europesays.com\/si\/wp-json\/wp\/v2\/media\/217132"}],"wp:attachment":[{"href":"https:\/\/www.europesays.com\/si\/wp-json\/wp\/v2\/media?parent=217131"}],"wp:term":[{"taxonomy":"category","embeddable":true,"href":"https:\/\/www.europesays.com\/si\/wp-json\/wp\/v2\/categories?post=217131"},{"taxonomy":"post_tag","embeddable":true,"href":"https:\/\/www.europesays.com\/si\/wp-json\/wp\/v2\/tags?post=217131"}],"curies":[{"name":"wp","href":"https:\/\/api.w.org\/{rel}","templated":true}]}}