{"id":217159,"date":"2026-09-05T22:56:10","date_gmt":"2026-09-05T22:56:10","guid":{"rendered":"https:\/\/www.europesays.com\/si\/217159\/"},"modified":"2026-09-05T22:56:10","modified_gmt":"2026-09-05T22:56:10","slug":"roglic-izgubil-dodatne-sekunde-proti-najvecjima-tekmecema","status":"publish","type":"post","link":"https:\/\/www.europesays.com\/si\/217159\/","title":{"rendered":"Rogli\u010d izgubil dodatne sekunde proti najve\u010djima tekmecema"},"content":{"rendered":"<p>Primo\u017e Rogli\u010d izgubil \u0161e nekaj dragocenih sekund v primerjavi z Enricom Masom in Felixom Gallom.<\/p>\n<p>Kolesarje je v 14.etapi na\u00a0154,5 km dolgi trasi od Jaena do Sierre de La Pandere \u010dakalo okoli 4100 vi\u0161inskih metrov, najte\u017eji del pa je predstavljal ciljni\u00a0vzpon v dol\u017eini 11,8 kilometra s povpre\u010dnim naklonom 7,5 odstotka.<\/p>\n<p>Tako kot v prej\u0161njih etapah se je tokrat od glavnine odlepila velika skupina ube\u017enikov, v beg se je podalo kar 45 kolesarjev.<\/p>\n<p>Pred etapo skupno drugi v generalni razvrstitvi Primo\u017e Rogli\u010d in \u0161esti Jakob Omrzel sta skupaj z nosilcem rde\u010de majice Enricom Masom 35 kilometrov pred ciljem za Ameri\u010danom\u00a0Kevinom Vermaerkejem, ta se je odlepil od ostalih ube\u017enikov, zaostajala nekaj ve\u010d kot sedem minut.<\/p>\n<p>\u010clan mo\u0161tva UAE Team Emirates je imel takrat skoraj dve minuti naskoka tudi pred kolesarji s katerimi se je prej zna\u0161el v begu.<\/p>\n<p dir=\"ltr\" lang=\"es\">\ud83c\udfc1 22 km | Stage 1\ufe0f\u20e34\ufe0f\u20e3 &#8211; Etapa 1\ufe0f\u20e34\ufe0f\u20e3<\/p>\n<p>\ud83d\udeb4\u200d\u2642\ufe0f His chasers are closing in on Vermaerke ahead of the summit, and decrease the gap back down to 1&#8242;<\/p>\n<p>\u2694\ufe0f Vermaerke contin\u00faa en cabeza, pero solo con un minuto respecto al grupo perseguidor<\/p>\n<p>\u23f1\ufe0f 7&#8217;30&#8221; Pelot\u00f3n<a href=\"https:\/\/x.com\/hashtag\/LaVuelta26?src=hash&amp;ref_src=twsrc%5Etfw\" rel=\"nofollow\">#LaVuelta26<\/a> <a href=\"https:\/\/t.co\/OD608wxgPx\" rel=\"nofollow\">pic.twitter.com\/OD608wxgPx<\/a><\/p>\n<p>\u2014 La Vuelta (@lavuelta) <a href=\"https:\/\/x.com\/lavuelta\/status\/2096252789877780662?ref_src=twsrc%5Etfw\" rel=\"nofollow\">September 5, 2026<\/a><\/p>\n<p>Vermaerkeja je 14 kilometrov pred ciljno \u010drto\u00a0ujel\u00a0Georg Steinhauser,\u00a0ki se je tik pred\u00a0za\u010detkom\u00a0zadnjega vzpona nato\u00a0Ameri\u010dana \u017ee pustil za sabo. Ne\u010dak slovitega Jana Ullricha je sicer pred dvema letoma \u017ee osvojil eno izmed etap na dirki po Italiji.<\/p>\n<p>Nemca je devet kilometrov pred ciljem ujel\u00a0Guillaume Martin, kasneje pa se je dvojcu priklju\u010dilo \u0161e kar osem kolesarjev. Glavnina je zaostajala \u0161est minut in pol, kmalu pa so skupaj ostali le najbolj\u0161i, med njimi tudi Mas, Rogli\u010d in Omrzel.<\/p>\n<p>V ospredju je napadel\u00a0Mario Aparicio\u00a0in razbil skupino. Tri kilometre in pol pred ciljno \u010drto so ga ujeli in prehiteli Santiago Buitrago, Marco Brenner,\u00a0Ivan Sosa\u00a0in\u00a0Cristi\u00e1n Rodr\u00edguez.<\/p>\n<p>V skupini najbolj\u0161ih je &#8216;sko\u010dil&#8217; Richard Carapaz, sledili so mu le Felix Gall, Mas in Rogli\u010d.<\/p>\n<p>Buitrago je tekmece nekoliko presenetil kilometer pred ciljem, vendar ga je Brenner dokaj zlahka ujel in ga tudi ugnal v zadnjih metrih pred ciljno \u010drto.<\/p>\n<p dir=\"ltr\" lang=\"es\">\u00a1QU\u00c9 FINAL EN LA PANDERA!<\/p>\n<p>Atac\u00f3 para ganar Buitrago pero Brenner lleg\u00f3 y demostr\u00f3 estar m\u00e1s fresco para lograr su primera victoria en una Gran Vuelta. <a href=\"https:\/\/x.com\/hashtag\/VueltaRTVE5s?src=hash&amp;ref_src=twsrc%5Etfw\" rel=\"nofollow\">#VueltaRTVE5s<\/a> <a href=\"https:\/\/x.com\/hashtag\/LaVuelta26?src=hash&amp;ref_src=twsrc%5Etfw\" rel=\"nofollow\">#LaVuelta26<\/a> <a href=\"https:\/\/t.co\/Q9ogjccwt6\" rel=\"nofollow\">pic.twitter.com\/Q9ogjccwt6<\/a><\/p>\n<p>\u2014 Teledeporte (@teledeporte) <a href=\"https:\/\/x.com\/teledeporte\/status\/2096265576972702155?ref_src=twsrc%5Etfw\" rel=\"nofollow\">September 5, 2026<\/a><\/p>\n<p>Mas in Gall sta se medtem znebila Rogli\u010da. \u0160panec in Avstrijec sta v cilj pri\u0161la s 4:12\u00a0zaostanka, pridobila sta 25\u00a0sekund proti Rogli\u010du.\u00a0<\/p>\n<p>Zasavec po tokratni etapi zaostaja dve minuti in 10 sekund za Masom, Gall se je prebil na skupno drugo mesto, a ima le \u0161tiri sekunde naskoka pred slovenskim asom. Omrzel je obdr\u017eal \u0161esto mesto.<\/p>\n<p>                                            <script async src=\"https:\/\/platform.twitter.com\/widgets.js\" charset=\"utf-8\"><\/script><\/p>\n","protected":false},"excerpt":{"rendered":"Primo\u017e Rogli\u010d izgubil \u0161e nekaj dragocenih sekund v primerjavi z Enricom Masom in Felixom Gallom. Kolesarje je v&hellip;\n","protected":false},"author":2,"featured_media":217160,"comment_status":"","ping_status":"","sticky":false,"template":"","format":"standard","meta":{"footnotes":"","_share_on_mastodon":"0"},"categories":[20],"tags":[24180,32,4592,618,35,31,34,36,4557,37,38,33,24726],"class_list":["post-217159","post","type-post","status-publish","format-standard","has-post-thumbnail","category-novice","tag-dirka-po-spaniji","tag-headlines","tag-jakob-omrzel","tag-kolesarstvo","tag-najpomembnejse-novice","tag-news","tag-novice","tag-osrednje-novice","tag-primoz-roglic","tag-slovene","tag-slovenscina","tag-top-stories","tag-vuelta"],"share_on_mastodon":{"url":"https:\/\/pubeurope.com\/@si\/117220906306992898","error":""},"_links":{"self":[{"href":"https:\/\/www.europesays.com\/si\/wp-json\/wp\/v2\/posts\/217159","targetHints":{"allow":["GET"]}}],"collection":[{"href":"https:\/\/www.europesays.com\/si\/wp-json\/wp\/v2\/posts"}],"about":[{"href":"https:\/\/www.europesays.com\/si\/wp-json\/wp\/v2\/types\/post"}],"author":[{"embeddable":true,"href":"https:\/\/www.europesays.com\/si\/wp-json\/wp\/v2\/users\/2"}],"replies":[{"embeddable":true,"href":"https:\/\/www.europesays.com\/si\/wp-json\/wp\/v2\/comments?post=217159"}],"version-history":[{"count":0,"href":"https:\/\/www.europesays.com\/si\/wp-json\/wp\/v2\/posts\/217159\/revisions"}],"wp:featuredmedia":[{"embeddable":true,"href":"https:\/\/www.europesays.com\/si\/wp-json\/wp\/v2\/media\/217160"}],"wp:attachment":[{"href":"https:\/\/www.europesays.com\/si\/wp-json\/wp\/v2\/media?parent=217159"}],"wp:term":[{"taxonomy":"category","embeddable":true,"href":"https:\/\/www.europesays.com\/si\/wp-json\/wp\/v2\/categories?post=217159"},{"taxonomy":"post_tag","embeddable":true,"href":"https:\/\/www.europesays.com\/si\/wp-json\/wp\/v2\/tags?post=217159"}],"curies":[{"name":"wp","href":"https:\/\/api.w.org\/{rel}","templated":true}]}}