{"id":217163,"date":"2026-09-05T23:12:12","date_gmt":"2026-09-05T23:12:12","guid":{"rendered":"https:\/\/www.europesays.com\/si\/217163\/"},"modified":"2026-09-05T23:12:12","modified_gmt":"2026-09-05T23:12:12","slug":"ne-bom-podrejena-ursuli-vpogled-v-kajin-podtalni-boj-proti-nacrtom-za-razkroj-diplomatske-sluzbe-insajder-com","status":"publish","type":"post","link":"https:\/\/www.europesays.com\/si\/217163\/","title":{"rendered":"Ne bom podrejena Ursuli! Vpogled v Kajin podtalni boj proti na\u010drtom za razkroj diplomatske slu\u017ebe | Insajder.com"},"content":{"rendered":"<p>Kaja Kallas, visoka predstavnica za zunanjo politiko EU, vodi brutalen zakulisni pritisk proti francosko-nem\u0161kim na\u010drtom za reorganizacijo njene diplomatske slu\u017ebe \u2013 s prilizovanjem prestolnicam in uporabo nove generalne sekretarke za razvoj alternativnih na\u010drtov reform.<\/p>\n<p>Kampanje Kallasove vklju\u010duje prepri\u010devanje vlad EU, da zunanjepoliti\u010dne te\u017eave bloka izvirajo iz soglasnih pravil odlo\u010danja in slabega izvajanja pogodb \u2013 in ne iz trenutne institucionalne strukture, so za Politico povedali neimenovani uradniki Evropske unije.<\/p>\n<p dir=\"ltr\" lang=\"zxx\" xml:lang=\"zxx\"><a href=\"https:\/\/t.co\/Yd0tirPfwy\" rel=\"nofollow\">https:\/\/t.co\/Yd0tirPfwy<\/a><\/p>\n<p>\u2014 Ignorance, the root and stem of all evil (@ivan_8848) <a href=\"https:\/\/x.com\/ivan_8848\/status\/2095304547270873493?ref_src=twsrc%5Etfw\" rel=\"nofollow\">September 3, 2026<\/a><\/p>\n<p>Do spopada prihaja, ko se 15 let stara Evropska slu\u017eba za zunanje delovanje (EEAS) soo\u010da s kritikami, da ni ve\u010d primerna za svoj namen, saj vojna v Ukrajini, zahteve Donalda Trumpa do Evrope, vojna na Bli\u017enjem vzhodu in Kitajska preizku\u0161ajo sposobnost bloka za delovanje v tujini.<\/p>\n<p>Evropska komisija prav tako \u0161iri tudi svojo vlogo v zunanji politiki, saj Berlin med pogajanji o naslednjem dolgoro\u010dnem prora\u010dunu bloka pritiska na zmanj\u0161anje operativnih stro\u0161kov EU.<\/p>\n<p>Zavezniki Kallasove se bojijo, da bi reforma, katere cilj naj bi bilo pove\u010danje u\u010dinkovitost zunanje politike EU, namesto tega lahko Komisiji predsednice Ursule von der Leyen dala ve\u010dji nadzor nad njenim delom.<\/p>\n<p dir=\"ltr\" lang=\"en\" xml:lang=\"en\">Kaja Kallas, the EU\u2019s chief diplomat, is leading a fierce behind-the-scenes push against Franco-German plans to overhaul her diplomatic service.<\/p>\n<p>We take you inside the fightback <a href=\"https:\/\/t.co\/MSqqehcAq1\" rel=\"nofollow\">https:\/\/t.co\/MSqqehcAq1<\/a><\/p>\n<p>\u2014 POLITICOEurope (@POLITICOEurope) <a href=\"https:\/\/x.com\/POLITICOEurope\/status\/2095412318867726487?ref_src=twsrc%5Etfw\" rel=\"nofollow\">September 3, 2026<\/a><\/p>\n<p>\u00bb\u010ce imam nad seboj nekoga, ki dejansko odlo\u010da, potem to ne deluje,\u00ab je Kallasova povedala novinarjem po razpravi z zunanjimi ministri EU v Wicklowu na Irskem.<\/p>\n<p>\u00bbOna (Kallasova) \u017eeli odlo\u017eiti celoten proces, ker no\u010de, da bi bila podrejena von der Leyenovi,\u00ab je o francosko-nem\u0161kih na\u010drtih dejal eden od diplomatov.<\/p>\n<p>Drugi je dejal, da \u00bb\u017eeli, da bi ta celotna zadeva izginila\u00ab.<\/p>\n<p dir=\"ltr\" lang=\"es\" xml:lang=\"es\">Prof. dr. Jeffrey Sachs EXPLICA el DESASTRE de las pol\u00edticas de Von der Leyen:<\/p>\n<p>&#8220;Ursula von der Leyen pasar\u00e1 a la historia como la l\u00edder que ha causado el mayor da\u00f1o a la UE. Ella lidera el camino hacia la DESTRUCCI\u00d3N INDUSTRIAL.&#8221;<\/p>\n<p>\u00abEl desastre energ\u00e9tico y la autodestrucci\u00f3n\u2026 <a href=\"https:\/\/t.co\/n3QN4PnAmY\" rel=\"nofollow\">pic.twitter.com\/n3QN4PnAmY<\/a><\/p>\n<p>\u2014 dejanira (@dejanirasilveir) <a href=\"https:\/\/x.com\/dejanirasilveir\/status\/2095600878199968177?ref_src=twsrc%5Etfw\" rel=\"nofollow\">September 3, 2026<\/a><\/p>\n<p>Odpor se oblikuje skozi Kajso Ollongren, nekdanjo nizozemsko\u00a0obrambno ministrico, zdaj pa novo generalno sekretarko EEAS, ki obhaja po prestolnicah EU, da bi z nacionalnimi vladami razpravljala o predlogih reform.<\/p>\n<p dir=\"ltr\" lang=\"en\" xml:lang=\"en\">Sanctions on Israel soon?<\/p>\n<p>\u2014 Mats Nilsson (@mazzenilsson) <a href=\"https:\/\/x.com\/mazzenilsson\/status\/2095804695906263171?ref_src=twsrc%5Etfw\" rel=\"nofollow\">September 4, 2026<\/a><\/p>\n<p>Ollongrenova bo ta teden na sestanku z Evropsko slu\u017ebo za zunanje delovanje osebje seznanila z rezultati te turneje, potem ko je bo Kallasova uradno predstavila zaposlenim.<\/p>\n<p dir=\"ltr\" lang=\"qme\" xml:lang=\"qme\"><a href=\"https:\/\/t.co\/o4VW7ya7km\" rel=\"nofollow\">pic.twitter.com\/o4VW7ya7km<\/a><\/p>\n<p>\u2014 Erik (@Erik37273625553) <a href=\"https:\/\/x.com\/Erik37273625553\/status\/2024687363859865970?ref_src=twsrc%5Etfw\" rel=\"nofollow\">February 20, 2026<\/a><\/p>\n<p>Pri\u010dakuje se, da do Ollongrenova predlagala tudi ustanovitev delovne skupine \u00bbsveta stare\u0161in\u00ab, ki bi preu\u010dila morebitne notranje reforme, je povedal eden od uradnikov.<\/p>\n<p>Cilj tega prizadevanja je dati EEAS ve\u010dji nadzor nad razpravo o reformi, ki bi lahko dolo\u010dila, ali bo slu\u017eba ostala lo\u010den del zunanjepoliti\u010dnega aparata EU ali se bo bolj integrirala v Komisijo.<\/p>\n<p dir=\"ltr\" lang=\"zxx\" xml:lang=\"zxx\"><a href=\"https:\/\/t.co\/SAhOt7yqvu\" rel=\"nofollow\">pic.twitter.com\/SAhOt7yqvu<\/a><\/p>\n<p>\u2014 TRT World (@trtworld) <a href=\"https:\/\/x.com\/trtworld\/status\/2095503345167327608?ref_src=twsrc%5Etfw\" rel=\"nofollow\">September 3, 2026<\/a><\/p>\n<p>Francosko-nem\u0161ki na\u010drti vklju\u010dujejo premestitev velikega dela osebja EEAS v izvr\u0161ilno oblast EU.<\/p>\n<p>\u010ceprav pozivajo k mo\u010dnej\u0161i formalni vlogi Kallasove, njeni zavezniki menijo, da bi to lahko von der Leyenovi omogo\u010dilo ve\u010dji nadzor nad zunanjo politiko.<\/p>\n<p dir=\"ltr\" lang=\"en\" xml:lang=\"en\">EU foreign policy chief Kaja Kallas today poured cold water on plans to overhaul the bloc\u2019s diplomatic branch, arguing that better enforcement of the current rules would make its foreign policy more effective.<a href=\"https:\/\/t.co\/Eq6D6551CK\" rel=\"nofollow\">https:\/\/t.co\/Eq6D6551CK<\/a><\/p>\n<p>\u2014 POLITICOEurope (@POLITICOEurope) <a href=\"https:\/\/x.com\/POLITICOEurope\/status\/2095193736829346203?ref_src=twsrc%5Etfw\" rel=\"nofollow\">September 2, 2026<\/a><\/p>\n<p>Kallasova je v sredo izrazila zaskrbljenost glede na\u010drtov in dejala, da \u00bbve\u010dina\u00ab zunanjih ministrov EU nasprotuje institucionalni spremembi.<\/p>\n<p>V zadnjih dneh je poleg francosko-nem\u0161kega dokumenta o EEAS 11 prestolnic, vklju\u010dno s Parizom in Berlinom, podpisalo odprto pismo Kallasovi, v katerem poziva k u\u010dinkovitej\u0161emu odlo\u010danju v zunanji politiki EU.<\/p>\n<p dir=\"ltr\" lang=\"en\" xml:lang=\"en\">Under the German-Franco plan, Kaja Kallas would have a more hands-on role inside the European Commission, with broader responsibilities. But Ursula von der Leyen would retain the final say on foreign policy. <a href=\"https:\/\/x.com\/hashtag\/EuropeNews?src=hash&amp;ref_src=twsrc%5Etfw\" rel=\"nofollow\">#EuropeNews<\/a><br \/>\u00a0<a href=\"https:\/\/t.co\/NKch2QEV1U\" rel=\"nofollow\">https:\/\/t.co\/NKch2QEV1U<\/a> <a href=\"https:\/\/t.co\/LwFGoC9GgG\" rel=\"nofollow\">pic.twitter.com\/LwFGoC9GgG<\/a><\/p>\n<p>\u2014 euronews (@euronews) <a href=\"https:\/\/x.com\/euronews\/status\/2094475626446999793?ref_src=twsrc%5Etfw\" rel=\"nofollow\">August 31, 2026<\/a><\/p>\n<p>Pismo odpira vrata selektivni uporabi glasovanja s kvalificirano ve\u010dino za odlo\u010ditve o zunanji in varnostni politiki.<\/p>\n<p>Trenutno vsaka odlo\u010ditev o temah iz teh podro\u010dij zahteva soglasno podporo \u2013 kar vodi do velikih ozkih grl.<\/p>\n<p><script async src=\"https:\/\/platform.twitter.com\/widgets.js\" charset=\"utf-8\"><\/script><\/p>\n","protected":false},"excerpt":{"rendered":"Kaja Kallas, visoka predstavnica za zunanjo politiko EU, vodi brutalen zakulisni pritisk proti francosko-nem\u0161kim na\u010drtom za reorganizacijo njene&hellip;\n","protected":false},"author":2,"featured_media":217164,"comment_status":"","ping_status":"","sticky":false,"template":"","format":"standard","meta":{"footnotes":"","_share_on_mastodon":"0"},"categories":[8],"tags":[37,38,64,63],"class_list":["post-217163","post","type-post","status-publish","format-standard","has-post-thumbnail","category-svet","tag-slovene","tag-slovenscina","tag-svet","tag-world"],"share_on_mastodon":{"url":"https:\/\/pubeurope.com\/@si\/117220969370933101","error":""},"_links":{"self":[{"href":"https:\/\/www.europesays.com\/si\/wp-json\/wp\/v2\/posts\/217163","targetHints":{"allow":["GET"]}}],"collection":[{"href":"https:\/\/www.europesays.com\/si\/wp-json\/wp\/v2\/posts"}],"about":[{"href":"https:\/\/www.europesays.com\/si\/wp-json\/wp\/v2\/types\/post"}],"author":[{"embeddable":true,"href":"https:\/\/www.europesays.com\/si\/wp-json\/wp\/v2\/users\/2"}],"replies":[{"embeddable":true,"href":"https:\/\/www.europesays.com\/si\/wp-json\/wp\/v2\/comments?post=217163"}],"version-history":[{"count":0,"href":"https:\/\/www.europesays.com\/si\/wp-json\/wp\/v2\/posts\/217163\/revisions"}],"wp:featuredmedia":[{"embeddable":true,"href":"https:\/\/www.europesays.com\/si\/wp-json\/wp\/v2\/media\/217164"}],"wp:attachment":[{"href":"https:\/\/www.europesays.com\/si\/wp-json\/wp\/v2\/media?parent=217163"}],"wp:term":[{"taxonomy":"category","embeddable":true,"href":"https:\/\/www.europesays.com\/si\/wp-json\/wp\/v2\/categories?post=217163"},{"taxonomy":"post_tag","embeddable":true,"href":"https:\/\/www.europesays.com\/si\/wp-json\/wp\/v2\/tags?post=217163"}],"curies":[{"name":"wp","href":"https:\/\/api.w.org\/{rel}","templated":true}]}}