{"id":217177,"date":"2026-09-05T23:39:17","date_gmt":"2026-09-05T23:39:17","guid":{"rendered":"https:\/\/www.europesays.com\/si\/217177\/"},"modified":"2026-09-05T23:39:17","modified_gmt":"2026-09-05T23:39:17","slug":"janja-garnbret-znova-navdusila-stevilne-navijace-v-kopru","status":"publish","type":"post","link":"https:\/\/www.europesays.com\/si\/217177\/","title":{"rendered":"Janja Garnbret znova navdu\u0161ila \u0161tevilne navija\u010de v Kopru"},"content":{"rendered":"<p>\t\t\t\t\t\t\t\t<a href=\"https:\/\/www.europesays.com\/si\/wp-content\/uploads\/2026\/09\/67094653.jpg\" itemprop=\"contentUrl\" data-size=\"1200x800\" data-large=\"https:\/\/www.europesays.com\/si\/wp-content\/uploads\/2026\/09\/67094653.jpg\"><br \/>\n\t\t\t\t\t\t\t\t\t<img decoding=\"async\" src=\"https:\/\/www.europesays.com\/si\/wp-content\/uploads\/2026\/09\/67094653.jpg\" title=\"Janja Garnbret je dosegla 33. zmago v te\u017eavnosti. Foto: www.alesfevzer.com\" alt=\"Janja Garnbret je dosegla 33. zmago v te\u017eavnosti. Foto: www.alesfevzer.com\"\/><br \/>\n\t\t\t\t\t\t\t\t<\/a><\/p>\n<p>\t\t\t\t\t\t\t\t\tJanja Garnbret je dosegla 33. zmago v te\u017eavnosti. Foto: www.alesfevzer.com<\/p>\n<p>\t\t\t\t\t\t\t<a id=\"preferredSourceBanner\" href=\"https:\/\/www.rtvslo.si\/sport\/preostali-sporti\/janja-garnbret-znova-navdusila-stevilne-navijace-v-kopru\/javascript:void(0)\" target=\"_blank\" class=\"d-none align-items-center justify-content-between rounded my-3\" style=\"padding: 10px 15px;\" rel=\"nofollow noopener\"><br \/>\n\t\t\t\t\t\t<img decoding=\"async\" src=\"https:\/\/img.rtvslo.si\/_static\/novi\/img\/ico-google.svg\" class=\"flex-shrink-0 mr-3\" aria-hidden=\"true\"\/><br \/>\n\t\t\t\t\t\tSpremljajte RTVSLO.si kot prednostni vir na Google<\/p>\n<p>\t\t\t\t\t<\/a><\/p>\n<p>To je bila njena \u010detrta zaporedna zmaga v Kopru, kjer ostaja nepora\u017eena. Upo\u0161tevajo\u010d tudi tekme v Kranju, je to njena \u0161esta zmaga na slovenskih tleh. <\/p>\n<p>Oglas<\/p>\n<p>Dvakratna olimpijska prvakinja, ki ni tekmovala ve\u010d kot dva meseca, je edina pri\u0161la v vijoli\u010dasti del stene. Zdrsnilo ji je tako reko\u010d tik pod vrhom. Malce se ji je zaradi vlage zalomilo na oprimku nekaj ni\u017eje, vendar je neugodno situacijo mojstrsko re\u0161ila. Njen dose\u017eek je bil 42+.<\/p>\n<p>Druga je bila Ameri\u010danka Brooke Raboutou (33+), tretja pa Chaehyun Seo (+32) iz Ju\u017ene Koreje.<\/p>\n<p>Druga slovenska finalistka Rosa Rekar (+30) je \u010detrti\u010d v sezoni zasedla peto mesto, potem ko je bila v polfinalu tretja. <\/p>\n<p>\t\t\t\t\t\t\t\t<a href=\"https:\/\/www.europesays.com\/si\/wp-content\/uploads\/2026\/09\/67094654.jpg\" itemprop=\"contentUrl\" data-size=\"1200x800\" data-large=\"https:\/\/www.europesays.com\/si\/wp-content\/uploads\/2026\/09\/67094654.jpg\"><br \/>\n\t\t\t\t\t\t\t\t\t<img decoding=\"async\" src=\"https:\/\/www.europesays.com\/si\/wp-content\/uploads\/2026\/09\/67094654.jpg\" title=\"V Kopru Janja Garnbret \u0161e ne pozna poraza. Foto: www.alesfevzer.com\" alt=\"V Kopru Janja Garnbret \u0161e ne pozna poraza. Foto: www.alesfevzer.com\"\/><br \/>\n\t\t\t\t\t\t\t\t<\/a><\/p>\n<p>\t\t\t\t\t\t\t\t\tV Kopru Janja Garnbret \u0161e ne pozna poraza. Foto: www.alesfevzer.com<\/p>\n<p>\t\t\t\t\t\t\tTudi veliki \u0161ampionki je zastal dih<\/p>\n<p>&#8220;Danes sem res u\u017eivala, ves dan sem bila tista prava, dobro sem se ogrela, dobro sem se po\u010dutila,&#8221; je v prvi izjavi po zmagi za Televizijo Slovenija dejala Garnbret. Rekorderki po \u0161tevilu zmag se zdi nekaj posebnega nastopati doma: &#8220;Vedno ko pridem nazaj, je bolj posebno in se mi zdi, da sem takoj v tistem tekmovalnem ritmu. Danes pred doma\u010dim ob\u010dinstvom je bilo fantasti\u010dno, tudi plezala sem zelo dobro, sicer pa se mi je primeril trenutek, ko je tudi meni zastal dih,&#8221; je \u0161e enkrat podo\u017eivela finale.<\/p>\n<p>Garnbret je kljubovala soparnim in vro\u010dim razmeram v Kopru in ve\u010dkrat dvignila mno\u017eico, ki se je zbrala pod steno v \u0161portnem parku Bonifika. &#8220;Bilo je tako vla\u017eno, na oprimkih se ta vlaga res izjemno \u010duti. Vesela sem, da tam nisem padla, pa tudi celoten zgornji vijoli\u010dasti del sem se kar borila z oprimki, ampak sem vesela, da sem pri\u0161la tako visoko, kot sem.&#8221;<\/p>\n<p>&#8220;Dobro sem bila pripravljena, dobro sem trenirala celotno poletje in sem zelo vesela, kako sem nastopila danes in kaj sem pokazala. Zmagati pred doma\u010dimi navija\u010di je vedno znova nekaj posebnega. Vedno znova mi je zelo lepo nastopati pred doma\u010dim ob\u010dinstvom, tako pred najmlaj\u0161imi kot pred tistimi najstarej\u0161imi, in res mi je v veliko \u010dast. Vedno znova, ko nastopam, se zavedam, kak\u0161en privilegij je imeti doma\u010do tekmo, tekmo na doma\u010dih tleh, \u0161esta doma\u010da zmaga, ne more biti ni\u010desar lep\u0161ega,&#8221; je \u0161e povedala.<\/p>\n<p>\t\t\t\tFinalni nastop Janje Garnbret v Kopru<\/p>\n<p>\t\t\t\t\t\t\t\t<a href=\"https:\/\/www.europesays.com\/si\/wp-content\/uploads\/2026\/09\/67094617.jpg\" itemprop=\"contentUrl\" data-size=\"1200x800\" data-large=\"https:\/\/www.europesays.com\/si\/wp-content\/uploads\/2026\/09\/67094617.jpg\"><br \/>\n\t\t\t\t\t\t\t\t\t<img decoding=\"async\" src=\"https:\/\/www.europesays.com\/si\/wp-content\/uploads\/2026\/09\/67094617.jpg\" title=\"V mo\u0161ki konkurenci so stopni\u010dke zasedli Azijci. Foto: www.alesfevzer.com\" alt=\"V mo\u0161ki konkurenci so stopni\u010dke zasedli Azijci. Foto: www.alesfevzer.com\"\/><br \/>\n\t\t\t\t\t\t\t\t<\/a><\/p>\n<p>\t\t\t\t\t\t\t\t\tV mo\u0161ki konkurenci so stopni\u010dke zasedli Azijci. Foto: www.alesfevzer.com<\/p>\n<p>\t\t\t\t\t\t\tPri mo\u0161kih dvojno japonsko slavje<\/p>\n<p>V mo\u0161ki konkurenci so \u0161tevilni gledalci videli dvojno japonsko zmagoslavje. Slavil je Neo Suzuki (33+) pred Satonejem Jo\u0161ido (+30) in Putro Tri Ramadanijem (+28) iz Indonezije.<\/p>\n<p>Od 12 Slovencev se jih je v polfinale prebila polovica. Razen Garnbret in Rekar so preostali \u0161tirje Slovenci v polfinalu poslab\u0161ali dose\u017eke iz kvalifikacij. Mia Krampl je tekmo kon\u010dala na 20. mestu, Lu\u010dka Rakovec je bila 21., Sara \u010copar 23., Luka Poto\u010dar je v mo\u0161kem polfinalu kon\u010dal na 24. mestu.<\/p>\n<p>\t\t\t\tPogovor z Janjo Garnbret po zmagi v Kopru<\/p>\n<p>\t\t\t\tFinalni nastop Rose Rekar v Kopru<\/p>\n<p>\t\t\t\tUspehi slovenskega \u0161portnega plezanja v Sloveniji<\/p>\n<p>Oglas<\/p>\n","protected":false},"excerpt":{"rendered":"Janja Garnbret je dosegla 33. zmago v te\u017eavnosti. Foto: www.alesfevzer.com Spremljajte RTVSLO.si kot prednostni vir na Google To&hellip;\n","protected":false},"author":2,"featured_media":217178,"comment_status":"","ping_status":"","sticky":false,"template":"","format":"standard","meta":{"footnotes":"","_share_on_mastodon":"0"},"categories":[25],"tags":[4905,161,6829,62,37,58,60,38,4217],"class_list":["post-217177","post","type-post","status-publish","format-standard","has-post-thumbnail","category-koper","tag-janja-garnbret","tag-koper","tag-polfinale","tag-si","tag-slovene","tag-slovenia","tag-slovenija","tag-slovenscina","tag-svetovni-pokal"],"share_on_mastodon":{"url":"https:\/\/pubeurope.com\/@si\/117221075696059564","error":""},"_links":{"self":[{"href":"https:\/\/www.europesays.com\/si\/wp-json\/wp\/v2\/posts\/217177","targetHints":{"allow":["GET"]}}],"collection":[{"href":"https:\/\/www.europesays.com\/si\/wp-json\/wp\/v2\/posts"}],"about":[{"href":"https:\/\/www.europesays.com\/si\/wp-json\/wp\/v2\/types\/post"}],"author":[{"embeddable":true,"href":"https:\/\/www.europesays.com\/si\/wp-json\/wp\/v2\/users\/2"}],"replies":[{"embeddable":true,"href":"https:\/\/www.europesays.com\/si\/wp-json\/wp\/v2\/comments?post=217177"}],"version-history":[{"count":0,"href":"https:\/\/www.europesays.com\/si\/wp-json\/wp\/v2\/posts\/217177\/revisions"}],"wp:featuredmedia":[{"embeddable":true,"href":"https:\/\/www.europesays.com\/si\/wp-json\/wp\/v2\/media\/217178"}],"wp:attachment":[{"href":"https:\/\/www.europesays.com\/si\/wp-json\/wp\/v2\/media?parent=217177"}],"wp:term":[{"taxonomy":"category","embeddable":true,"href":"https:\/\/www.europesays.com\/si\/wp-json\/wp\/v2\/categories?post=217177"},{"taxonomy":"post_tag","embeddable":true,"href":"https:\/\/www.europesays.com\/si\/wp-json\/wp\/v2\/tags?post=217177"}],"curies":[{"name":"wp","href":"https:\/\/api.w.org\/{rel}","templated":true}]}}