{"id":217185,"date":"2026-09-05T23:48:21","date_gmt":"2026-09-05T23:48:21","guid":{"rendered":"https:\/\/www.europesays.com\/si\/217185\/"},"modified":"2026-09-05T23:48:21","modified_gmt":"2026-09-05T23:48:21","slug":"sanchez-proti-vsem-totalni-polom-socialistov","status":"publish","type":"post","link":"https:\/\/www.europesays.com\/si\/217185\/","title":{"rendered":"Sanchez proti vsem \u2013 totalni polom socialistov"},"content":{"rendered":"<p>Protesti po mestih v \u0160paniji so pokazali, da imajo \u0160panci dovolj politike odprtih vrat predsednika vlade Sancheza. \u0160panci so na\u010deloma relativno odprti tako do obiskovalcev kot do novih pri\u0161lekov, vendar so dogodki v Ceuti spro\u017eili val nezadovoljstva, ki prihaja pred volitvami naslednje leto. Sanchez bo te\u017eko pogasil <a href=\"https:\/\/domovina.je\/..\/..\/..\/ceuta-postaja-sod-smodnika-spanija-na-ulicah-in-boj-za-obstoj\" rel=\"nofollow noopener\" target=\"_blank\">po\u017ear ljudskega negodovanja<\/a>, ki se je raz\u0161iril tudi med volivce na levi strani politi\u010dnega pola.<\/p>\n<p>Korupcija, kraja in klientelizem<\/p>\n<p>Sanchez je bil upanje Socialisti\u010dne delavske stranke (PSOE), ki naj bi predstavil alternativni obraz dobrega fanta, za razliko od nekdanjega koruptivnega predsednika vlade socialista Zapatera, proti kateremu te\u010de ve\u010d razli\u010dnih sodnih postopkov. \u0160e ve\u010d, nekdanji minister za transport iz vrst socialistov Jose Luis Abalos je bil obsojen na dve leti zapora zaradi korupcije, Sanchezova soproga Bego\u00f1a Gomez se na sodi\u0161\u010du bori z obto\u017ebami korupcije in klientelizma, njegov brat David Sanchez Perez-Castejon je prav tako v sodnem postopku zaradi korupcije.<\/p>\n<p><img decoding=\"async\" class=\"figure-img img-fluid rounded align-left\" src=\"https:\/\/www.europesays.com\/si\/wp-content\/uploads\/2026\/09\/korupcija-podkupnina-denar.jpg\"\/><br \/>\nVir: Shutterstock<\/p>\n<p>Toda dolga lista sodnih postopkov proti \u010dlanom \u0161panskih socialistov se \u0161e kar nadaljuje. Nekdanji generalni sekretar PSOE Santos Cerd\u00e1n in nekdanji regionalni minister za Andaluzijo Gaspar Zarr\u00edas sta bila obto\u017eena poskusa podkupovanja policije in izsiljevanja varnostnih organov. V omenjeni shemi je nekdanja aktivistka PSOE Leire D\u00edez in \u010dlanica ve\u010d uprav dr\u017eavnih podjetij, kot je \u0161panska po\u0161ta Correos ali dr\u017eavno elektro podjetje ENUSA, poskusila z izsiljevanjem in podkupninami pridobiti informacije o preiskovalcih iz Centralne operativne enote (UCO) iz Civilne garde in Proti-korupcijskega sodi\u0161\u010da.<\/p>\n<p>Shema podkupovanja, vohunjenja in izsiljevanja preiskovalnih organov s strani socialistov<\/p>\n<p>V omenjeni shemi je sodelovalo ve\u010d odvetnikov, povezanih s PSOE in finan\u010dna direktorica v PSOE Ana Mar\u00eda Fuentes. V preiskavi glavnih pisarn PSOE v madridski ulici Ferraz so preiskovalni organi ugotovili, da vodstvo stranke socialistov ni le organiziralo celotne operacije, ampak jo je celo financiralo, pisarne pa so uporabili za koordinacijo celotne sheme. Pogovori med D\u00edezovo in Cerd\u00e1nom so pokazali, da jo je v Madrid poslal vodja socialistov v pomo\u010d predsedniku.<\/p>\n<p>Bli\u017enji kontakt D\u00edezove je bil poslovne\u017e Javier P\u00e9rez Dolset in odvetnik Jacobo Teijelo, ki brani \u010dlane PSOE v zloglasnem primeru Koldo, v katerem je bil nekdanji minister Abalos obsojen na dve leti zapora. Teijelo brani \u0161e Cerd\u00e1na in nekdanjega namestnika skrajno levi\u010darske in anti-kapitalisti\u010dne stranke Candidatura d&#8217;Unitat Popular iz Katalonije Beneta Sellelasa. Toda vpletenost odvetnikov iz primera Koldo se \u0161e kar ne kon\u010da.<\/p>\n<p><img decoding=\"async\" class=\"figure-img img-fluid rounded align-left\" src=\"https:\/\/www.europesays.com\/si\/wp-content\/uploads\/2026\/09\/prisluhi-roka-uho-poslusanje.jpg\"\/><br \/>\nVir: Shutterstock<\/p>\n<p>V shemi nekdanje aktivistke Socialistov D\u00edezove je sodeloval \u0161e odvetnik Ismael Oliver, ki je v primeru Koldo zastopal Kolda Garc\u00edo! Obto\u017een je organiziranega kriminala, podkupovanja, razkritja zaupnih dokumentov, ponarejanja in vplivanja na preiskovalne organe. V tem primeru naj bi mu pomagal nekdanji preiskovalec v Civilni gardi Juan S\u00e1nchez Yepes. Socialisti se branijo, da gre za napade Ljudske stranke, vendar Sanchez ponuja odlo\u010dno sodelovanje z organi pregona.<\/p>\n<p>Zapatero, zlati fant korupcije<\/p>\n<p>Nekdanji predsednik vlade Jose Luis Rodriguez Zapatero je na za\u010detku kariere pred dvajsetimi leti veljal za sr\u010diko socialistov, zlatega fanta, ki bi ga vsaka ta\u0161\u010da \u017eelela za zeta. Toda v zadnjih letih prakti\u010dno ne mine mesec, da \u0161panski mediji ne bi obdelali njegovih afer, od korupcije vse do sodelovanja s tujimi obve\u0161\u010devalnimi slu\u017ebami.<\/p>\n<p>Leta 2021 je med covidom letalski dru\u017ebi Plus Ultra zagotovil 53 milijonov EUR javnih sredstev, ki naj bi jih dru\u017eba porabila za pranje denarja iz Venezuele, ki so ga potem skrili v \u0160vici, Franciji in \u0160paniji. Zapatero naj bi prejel ve\u010d kot 2 milijona evrov v zameno za dostop do politikov do Socialisti\u010dne stranke, poleg tega pa so v njegovem trezorju na\u0161li \u0161e gotovino, drag nakit in ure.<\/p>\n<p>Nekdanji predsednik vlade Jose Luis Rodriguez Zapatero je na za\u010detku kariere pred dvajsetimi leti veljal za sr\u010diko socialistov, zlatega fanta, ki bi ga vsaka ta\u0161\u010da \u017eelela za zeta.<br \/>\nCeuta \u0161e pove\u010da nepopularnost Sancheza<\/p>\n<p>Sanchez se je \u017ee pred migrantsko invazijo soo\u010dal z o\u010ditki, da je masovna legalizacija ilegalnih migrantov le instrument socialistov za pove\u010danje volilnih glasov. Ti o\u010ditki niso prihajali le iz desnice, ampak tudi iz levice, ki zaradi Sanchezovih odlo\u010ditev izgublja popularnost, kar so pokazale zadnje volitve v Andaluziji. To tradicionalno socialisti\u010dno trdnjavo so namre\u010d v rokah dr\u017eali skoraj 50 let! Sanchez je takoj okrivil kriminalne organizacije in spletna omre\u017eja, posledi\u010dno podjetja, ki ta omre\u017eja vodijo.<\/p>\n<p><img decoding=\"async\" class=\"figure-img img-fluid rounded align-left\" src=\"https:\/\/www.europesays.com\/si\/wp-content\/uploads\/2026\/09\/kriminal.jpg\"\/><br \/>\nVir: Shutterstock<\/p>\n<p>Toda Sanchez ni mogel skriti, da so ga opozarjale policija, policijski sindikati in obve\u0161\u010devalne slu\u017ebe, da se v Maroku nekaj dogaja. Prav tako so pozvali vladi v Madridu, naj po\u0161lje dodatne okrepitve in utrdi mejo, kar so zavrnili. Posledica je bila invazija med 78 in 95 tiso\u010d migranti, ocene so namre\u010d \u0161e vedno razli\u010dne, medtem ko je 5000 migrantov ostalo v Ceuti.<\/p>\n<p>Lokalno prebivalstvo Ceute gre prvo na ulice, sledijo mno\u017ei\u010dni protesti po \u0160paniji<\/p>\n<p>Lokalno prebivalstvo Ceute dobesedno ponori, ko Madrid ignorira njihove pro\u0161nje \u0161e naprej. Najprej so ilegalni migranti zasedli pla\u017ee, torej tisti migranti, ki Ceute niso hoteli zapustiti. Delne okrepitve \u0161panske policije in vojske so jih pregnale v azilne centre in kampe, saj zmore azilni center oskrbeti le okoli 900 ljudi. Ilegalni migranti so za\u010deli ponovno zasedati parke, pla\u017ee, privatna zemlji\u0161\u010da, javne stavbe, medtem se je lokalno prebivalstvo otepalo dnevnega nadlegovanja. To je sicer razumljivo, kajti ilegalni migranti v Ceuti ne morejo delati, niti tam ni dovolj zaposlitev, mesto pa poka po \u0161ivih.<\/p>\n<p>Mejo je prestopilo nadlegovanje \u017eensk in otrok, nekaj migrantskih otrok naj bi bilo celo posiljenih v kampu, kjer so nastanjeni. Prebivalci so naslavljali pro\u0161nje za pomo\u010d, \u017eupanstvo in policijska uprava pa so iz dneva v dan pozivali Sancheza na ukrepanje. Toda zgodilo se ni ni\u010d. Najbolj je razka\u010dilo prebivalce Ceute, da so sre\u010devali pripadnike nevladnih organizacij, ki so migrante pozivali, naj ostanejo, razdelili so jim celo \u017eepne solzivce. Arogantne madridske elite so jih opozarjale, da pretiravajo, medtem ko so nevladniki ali Sanchezu naklonjeni gosti v televizijskih studiih razpravljali o domnevnem lokalnem \u00bbfa\u0161izmu\u00ab.<\/p>\n<p><img loading=\"lazy\" decoding=\"async\" class=\"figure-img img-fluid rounded align-left\" src=\"https:\/\/www.europesays.com\/si\/wp-content\/uploads\/2026\/09\/solzivec.jpg\" width=\"449\" height=\"777\"\/><br \/>\nVir: Facebook @Army Shop Ljubljana BTC HALA A<\/p>\n<p>Razjarjeni prebivalci so zadevo vzeli v svoje roke in uni\u010dili del kampa, kjer so stanovali ilegalni migranti. Za\u010deli so jih preganjati in se z njimi spopadati, medtem ko policija ni natan\u010dno vedela, kaj naj bi storila. Protesti so se po tednu dni preselili na celino, predvsem v Madrid, kjer je vsaj 50 tiso\u010d ljudi zahtevalo pred\u010dasne volitve, odstop Sancheza in ve\u010dje varovanje meja. \u0160panska policija je reagirala z vso brutalnostjo ter uporabila pendreke, solzivec in gumijaste naboje. Mnogi \u0160panci se spra\u0161ujejo, zakaj vlada ne uporabi tak\u0161ne sile proti ilegalni invaziji v \u0160panijo, medtem ko pretepa lastne ljudi.<\/p>\n<p>Opozicija zahteva odgovore \u2013 hibridna vojna Maroka, ki grozi \u0160paniji<\/p>\n<p>Opozicija je obrnila prst proti Sanchezu in ga obto\u017eila skrivanja pravega krivca v Rabatu. Vodja ljudske stranke Alberto N\u00fa\u00f1ez Feij\u00f3o je v parlamentu predstavil teorijo, da je ve\u010d kot 70 tiso\u010d migrantov v Ceuto pri\u0161lo s pomo\u010djo Maroka. Obstajajo dokazi, ki ka\u017eejo, kako Rabat ni le vedel, kaj se pripravlja, ampak naj bi celo koordiniral invazijo. Gre za hibridno vojno Maroka proti \u0160paniji, saj so maro\u0161ke varnostne sile stale kri\u017eem rok, medtem ko je na desettiso\u010de ljudi drlo v \u0160panijo, Sanchez pa ni storil ni\u010desar. Vpra\u0161al je, zakaj se Sanchez boji Maroka. \u0160panija mora na zagovor poklicati maro\u0161kega veleposlanika in to ne takrat, ko je ta izven dr\u017eave, je \u0161e povedal Feij\u00f3o.<\/p>\n<p>Kot klofuta prebivalcem Ceute se je Sanchez po invaziji mirno odpravil na po\u010ditnice, zato ga je Feij\u00f3o vpra\u0161al, kaj dolguje Maroku in kaj Maroko ve o njem. Sanchezu je zabrusil, da bo pla\u010dal tako na volitvah kot na sodi\u0161\u010du.<\/p>\n<p><img decoding=\"async\" class=\"figure-img img-fluid rounded align-left\" src=\"https:\/\/www.europesays.com\/si\/wp-content\/uploads\/2026\/09\/1788652100_550_spanija-protesti-migranti.png\"\/><br \/>\nProtesti proti ilegalnim migracijam v \u0160paniji (2. 9. 2026). Vir: X<\/p>\n<p>Maroko je medtem \u0161e poslab\u0161al situacijo, ko je zagrozil \u0160paniji, da ne bo umaknil zahteve po \u0161panskem ozemlju. Minister Nizar Baraka je \u0160pancem povedal, da sta Ceuta in Melilla maro\u0161ko nacionalno ozemlje, minister za religijo Ahmed Tufik pa je pozval k osvoboditvi obeh mest v prisotnosti maro\u0161kega kralja Mohameda VI.<\/p>\n<p>Sanchez skriva preiskavo<\/p>\n<p>Sanchez skriva preiskavo in jo \u017eeli postaviti pod okrilje socialistov, da bi si zagotovil vpliv na kon\u010dni rezultat. Zanj je to klju\u010dnega pomena, saj leta 2027 prihajajo volitve, socialistom pa ne ka\u017ee najbolje. Sodi\u0161\u010de je ravnanje vlade \u017ee preiskovalo, ko je sodnica Mar\u00eda Tard\u00f3n prejela obvestilo, da bo preiskavo prevzelo dr\u017eavno pravobranilstvo. Agencija za migracije in meje pod Generalno policijsko upravo (CENIF) sicer \u017ee aktivno preiskuje invazijo v Ceuti, rezultati pa naj bi bili za socialiste in Sancheza uni\u010dujo\u010di.<\/p>\n<p>Sanchezova vlada je zato izvedla manever, s katerim je umaknila preiskovalce in odgovorne ter preiskavo spravila pod lastni nadzor. S tem bo prepre\u010dila strankam v postopku informacije, vklju\u010dno s to\u017eniki, kot sta na primer Ljudska stranka in Vox, dr\u017eavno pravobranilstvo pa bo poro\u010dalo direktno in izklju\u010dno vladi. Opozicija je \u017ee obto\u017eila vlado, da \u017eeli skriti informacije o Ceuti in kasnej\u0161e komunikacije znotraj vlade ter napisati lastno poro\u010dilo, ki bo vlado opralo krivde.<\/p>\n<p>Na odlo\u010ditev o prenosu preiskave so se stranke v postopku prito\u017eile in je zdaj odvisno od prito\u017ebenega sodi\u0161\u010da. Preiskava bi sicer pogledala tudi v drobovje dogovorov Sanchezove vlade z Marokom. Notranji minister Marlaska je \u017ee prej \u017eelel prepre\u010diti preiskavo s klasifikacijo v imenu dr\u017eavne varnosti, vendar je Nacionalno sodi\u0161\u010de ta poizkus zaustavilo.<\/p>\n<p><img decoding=\"async\" class=\"figure-img img-fluid rounded align-left\" src=\"https:\/\/www.europesays.com\/si\/wp-content\/uploads\/2026\/09\/volitvelokalne.png\"\/><br \/>\nVir: UI<\/p>\n<p>Polom Sancheza in Socialisti\u010dne stranke<\/p>\n<p>Sanchez se namesto s Ceuto raje ukvarja z ustanovitvijo skupnih evropskih sil za prepre\u010devanje klimatskih katastrof, ki bi se financirale z dodatnim davkom na naftne dru\u017ebe. Po drugi strani se velik del \u0160pancev spra\u0161uje, ali gre za resni\u010dno nezavedanje Sancheza o resni\u010dnih problemih \u0160panije ali gre vendarle za polom, kot ga opisuje opozicija, predvsem Ljudska stranka in Vox.<\/p>\n<p>Socialisti so izgubili dodatnih 6,3 %, kar bi se na volitvah izkazalo za izgubo dodatnih 21 sede\u017eev. Vox bi tako za socialisti zaostajal le \u0161e za 7 %. Koalicijski vladi se po dana\u0161njih napovedih skupaj obeta le \u0161e 108 sede\u017eev, torej skupaj z levo stranko Sumar. Sumar in skrajno leva stranka Podemos bi izgubila 20 sede\u017eev v primerjavi z letom 2023. \u010ce bi bile volitve jutri, bi koalicijska vlada izgubila 44 sede\u017eev.<\/p>\n<p>Po zadnjih anketah bi na volitvah zmagala Ljudska stranka s 34,3 % glasovi in 145 sede\u017ei. Ceuta jim je prinesla vsaj osem dodatnih sede\u017eev. Za Vox bi glasovalo 18,1 % \u0160pancev, imeli bi 63 sede\u017eev. Vox je pridobila najve\u010d, kar 5,7 % od zadnjih volitev. Skupaj sta Ljudska stranka in Vox pridobila kar 38 sede\u017eev in bi imeli 208 sede\u017eev v parlamentu. Desna koalicija bi v parlamentu torej imela kar 100 sede\u017eev ve\u010d od leve koalicije. Sodbe zaradi korupcije, predvsem Sanchezove dru\u017eine in visokih Socialistov ter negativni izsledki preiskave o Ceuti, bi verjetno Sanchezu prineslo \u0161e ve\u010dji padec glasov. Do volitev je sicer \u0161e eno leto in marsikaj se lahko \u0161e zgodi, zato verjetno Sanchez ne bo pristal na pred\u010dasne volitve.<\/p>\n<p>Do volitev je sicer \u0161e eno leto in marsikaj se lahko \u0161e zgodi, zato verjetno Sanchez ne bo pristal na pred\u010dasne volitve.<\/p>\n","protected":false},"excerpt":{"rendered":"Protesti po mestih v \u0160paniji so pokazali, da imajo \u0160panci dovolj politike odprtih vrat predsednika vlade Sancheza. \u0160panci&hellip;\n","protected":false},"author":2,"featured_media":217186,"comment_status":"","ping_status":"","sticky":false,"template":"","format":"standard","meta":{"footnotes":"","_share_on_mastodon":"0"},"categories":[8],"tags":[37,38,64,63],"class_list":["post-217185","post","type-post","status-publish","format-standard","has-post-thumbnail","category-svet","tag-slovene","tag-slovenscina","tag-svet","tag-world"],"share_on_mastodon":{"url":"https:\/\/pubeurope.com\/@si\/117221111138930967","error":""},"_links":{"self":[{"href":"https:\/\/www.europesays.com\/si\/wp-json\/wp\/v2\/posts\/217185","targetHints":{"allow":["GET"]}}],"collection":[{"href":"https:\/\/www.europesays.com\/si\/wp-json\/wp\/v2\/posts"}],"about":[{"href":"https:\/\/www.europesays.com\/si\/wp-json\/wp\/v2\/types\/post"}],"author":[{"embeddable":true,"href":"https:\/\/www.europesays.com\/si\/wp-json\/wp\/v2\/users\/2"}],"replies":[{"embeddable":true,"href":"https:\/\/www.europesays.com\/si\/wp-json\/wp\/v2\/comments?post=217185"}],"version-history":[{"count":0,"href":"https:\/\/www.europesays.com\/si\/wp-json\/wp\/v2\/posts\/217185\/revisions"}],"wp:featuredmedia":[{"embeddable":true,"href":"https:\/\/www.europesays.com\/si\/wp-json\/wp\/v2\/media\/217186"}],"wp:attachment":[{"href":"https:\/\/www.europesays.com\/si\/wp-json\/wp\/v2\/media?parent=217185"}],"wp:term":[{"taxonomy":"category","embeddable":true,"href":"https:\/\/www.europesays.com\/si\/wp-json\/wp\/v2\/categories?post=217185"},{"taxonomy":"post_tag","embeddable":true,"href":"https:\/\/www.europesays.com\/si\/wp-json\/wp\/v2\/tags?post=217185"}],"curies":[{"name":"wp","href":"https:\/\/api.w.org\/{rel}","templated":true}]}}