{"id":217195,"date":"2026-09-06T00:06:15","date_gmt":"2026-09-06T00:06:15","guid":{"rendered":"https:\/\/www.europesays.com\/si\/217195\/"},"modified":"2026-09-06T00:06:15","modified_gmt":"2026-09-06T00:06:15","slug":"hrvaska-nadaljuje-obsezno-modernizacijo-vojske-tudi-z-novimi-raketnimi-sistemi","status":"publish","type":"post","link":"https:\/\/www.europesays.com\/si\/217195\/","title":{"rendered":"Hrva\u0161ka nadaljuje obse\u017eno modernizacijo vojske tudi z novimi raketnimi sistemi"},"content":{"rendered":"<p>Hrva\u0161ka vlada je danes potrdila nov paket ve\u010d sto milijonov evrov vrednih nalo\u017eb v modernizacijo vojske, med katerimi je tudi nakup 18 ju\u017enokorejskih raketnih sistemov K239 Chunmoo. Premier Andrej Plenkovi\u0107 je ob tem poudaril, da Hrva\u0161ka v obrambne zmogljivosti vlaga zato, da bi odvra\u010dala morebitne gro\u017enje, in ne zato, da bi komurkoli grozila.<\/p>\n<p>Hrva\u0161ka vlada je na dana\u0161nji seji odlo\u010dila, da bo obrambno ministrstvo kupilo 18 ju\u017enokorejskih samohodnih ve\u010dcevnih raketnih sistemov K239 Chunmoo s pripadajo\u010dimi raketami. S tem bo po besedah Andreja Plenkovi\u0107a prvi\u010d pridobila sposobnost hitrega in natan\u010dnega delovanja po ciljih na zelo velikih razdaljah.<\/p>\n<p>Vrednost nabave je po navedbah vlade 544,1 milijona evrov z DDV, izvedena pa bo med letoma 2026 in 2029.<\/p>\n<p>Floto rafalov bodo dodatno opremili za 112 milijonov evrov<\/p>\n<p>Vlada je sprejela tudi odlo\u010ditev o dodatnem opremljanju bojnih letal rafale z zmogljivostmi za zaznavanje gro\u017eenj in samoza\u0161\u010dito. Vrednost nakupa je 112,224 milijona evrov z DDV, opremljanje pa bo po napovedih potekalo med letoma 2026 in 2032.<\/p>\n<p>Hrva\u0161ka je 12 rafalov kupila od Francije, zadnji pa je v dr\u017eavo prispel aprila 2025.<\/p>\n<p>Vlada je danes sprejela tudi odlo\u010ditev o drugih nalo\u017ebah v hrva\u0161ko vojsko. Med drugim bodo nadgradili komunikacijski sistem hrva\u0161kega vojnega letalstva za 41,1 milijona evrov, kupili protitankovsko oro\u017eje in opremo za 13,9 milijona evrov ter za 12,2 milijona evrov zgradili ve\u010dnamenski hangar v letalski bazi Zemunik.<\/p>\n<p>V nakupe zaradi odvra\u010danja\u00a0gro\u017eenj, in ne zato, da bi komurkoli grozila<\/p>\n<p>Plenkovi\u0107 je na seji vlade poudaril, da dana\u0161nje odlo\u010ditve narekuje predvsem kontekst, v katerem sta se zna\u0161la svet in Evropa, &#8220;to pa so najresnej\u0161e varnostne gro\u017enje v zadnjih nekaj desetletjih&#8221;.<\/p>\n<p>Poudaril je, da Hrva\u0161ka v svoje obrambne zmogljivosti ne vlaga zato, da bi komurkoli grozila, temve\u010d da bi odvrnila vsako gro\u017enjo, zagotovila varnost hrva\u0161kih dr\u017eavljanov, ozemlja in nacionalnih interesov ter s tem prispevala tudi h kolektivni varnosti in obrambi Evrope.<\/p>\n<p>\u010clanice Nata so se na lanskem vrhu zavezale, da bodo do leta 2035 za obrambo in varnost namenjale 3,5 odstotka bruto doma\u010dega proizvoda, za povezana vlaganja pa \u0161e dodatnih 1,5 odstotka.<\/p>\n<p>Hrva\u0161ka ves \u010das pove\u010duje izdatke za obrambo. Do leta 2027 jih namerava pove\u010dati na 2,5 odstotka BDP, do leta 2030 pa na tri odstotke BDP.<\/p>\n","protected":false},"excerpt":{"rendered":"Hrva\u0161ka vlada je danes potrdila nov paket ve\u010d sto milijonov evrov vrednih nalo\u017eb v modernizacijo vojske, med katerimi&hellip;\n","protected":false},"author":2,"featured_media":217196,"comment_status":"","ping_status":"","sticky":false,"template":"","format":"standard","meta":{"footnotes":"","_share_on_mastodon":"0"},"categories":[8],"tags":[585,52921,11245,37,38,64,63],"class_list":["post-217195","post","type-post","status-publish","format-standard","has-post-thumbnail","category-svet","tag-hrvaska","tag-hrvaska-vojska","tag-oborozitev","tag-slovene","tag-slovenscina","tag-svet","tag-world"],"share_on_mastodon":{"url":"https:\/\/pubeurope.com\/@si\/117221181776364852","error":""},"_links":{"self":[{"href":"https:\/\/www.europesays.com\/si\/wp-json\/wp\/v2\/posts\/217195","targetHints":{"allow":["GET"]}}],"collection":[{"href":"https:\/\/www.europesays.com\/si\/wp-json\/wp\/v2\/posts"}],"about":[{"href":"https:\/\/www.europesays.com\/si\/wp-json\/wp\/v2\/types\/post"}],"author":[{"embeddable":true,"href":"https:\/\/www.europesays.com\/si\/wp-json\/wp\/v2\/users\/2"}],"replies":[{"embeddable":true,"href":"https:\/\/www.europesays.com\/si\/wp-json\/wp\/v2\/comments?post=217195"}],"version-history":[{"count":0,"href":"https:\/\/www.europesays.com\/si\/wp-json\/wp\/v2\/posts\/217195\/revisions"}],"wp:featuredmedia":[{"embeddable":true,"href":"https:\/\/www.europesays.com\/si\/wp-json\/wp\/v2\/media\/217196"}],"wp:attachment":[{"href":"https:\/\/www.europesays.com\/si\/wp-json\/wp\/v2\/media?parent=217195"}],"wp:term":[{"taxonomy":"category","embeddable":true,"href":"https:\/\/www.europesays.com\/si\/wp-json\/wp\/v2\/categories?post=217195"},{"taxonomy":"post_tag","embeddable":true,"href":"https:\/\/www.europesays.com\/si\/wp-json\/wp\/v2\/tags?post=217195"}],"curies":[{"name":"wp","href":"https:\/\/api.w.org\/{rel}","templated":true}]}}