{"id":217239,"date":"2026-09-06T01:57:12","date_gmt":"2026-09-06T01:57:12","guid":{"rendered":"https:\/\/www.europesays.com\/si\/217239\/"},"modified":"2026-09-06T01:57:12","modified_gmt":"2026-09-06T01:57:12","slug":"medtem-ko-je-marta-kos-obisk-srbije-odpovedala-je-anze-logar-v-beogradu-krepil-gospodarske-vezi","status":"publish","type":"post","link":"https:\/\/www.europesays.com\/si\/217239\/","title":{"rendered":"Medtem ko je Marta Kos obisk Srbije odpovedala, je An\u017ee Logar v Beogradu krepil gospodarske vezi"},"content":{"rendered":"<p>Minister An\u017ee Logar se je v petek v Srbiji pogovarjal o gospodarskem sodelovanju in slovenski udele\u017ebi na Expu 2027. V\u00a0Beogradu se je sre\u010dal z visokimi predstavniki srbske vlade. Govorili so o krepitvi gospodarskega sodelovanja, trgu dela, zaposlovanju in \u0161portu. <a href=\"https:\/\/slovenskenovice.delo.si\/novice\/svet\/neverjetni-prizori-iz-srbije-poglejte-kaj-so-poceli-ob-truplu-vojnega-zlocinca-video-in-foto\" target=\"_blank\" rel=\"nofollow noopener\">Njegov obisk poteka prav v \u010dasu, ko je Srbija tar\u010da kritik<\/a>\u00a0zaradi poveli\u010devanja pokojnega Ratka Mladi\u0107a.\u00a0<\/p>\n<p>Logar je poudaril, da Slovenijo in Srbijo povezujejo tesne gospodarske vezi, ki jih \u017eelita dr\u017eavi \u0161e okrepiti. Srbija je za Slovenijo 12. najpomembnej\u0161i gospodarski partner in drugi najpomembnej\u0161i trg neposrednih slovenskih nalo\u017eb. Prilo\u017enosti za nadaljnjo rast vidi predvsem na podro\u010dju storitev, informacijskih tehnologij in farmacije.\u00a0V Srbiji je registriranih ve\u010d kot 1200 slovenskih podjetij, dru\u017ebe s slovenskim kapitalom pa zaposlujejo ve\u010d kot 15.000 ljudi.<\/p>\n<p>Slovenija tudi na Expu 2027<\/p>\n<p>Pomemben del obiska je bil namenjen pripravam na Expo 2027 v Beogradu. Generalna komisarka Slovenije Sa\u0161a Lavri\u010d je podpisala pogodbo o sodelovanju Slovenije na svetovni razstavi, Logar pa si je ogledal tudi gradbi\u0161\u010de bodo\u010dega prizori\u0161\u010da.\u00a0Na ministrstvu poudarjajo, da ima Expo zaradi bli\u017eine Srbije za Slovenijo poseben strate\u0161ki pomen in ponuja nove mo\u017enosti za gospodarsko povezovanje v regiji. Logar je obiskal tudi dru\u017ebo Kolektor Etra v bli\u017eini Beograda in si ogledal njeno novo proizvodno halo.<\/p>\n<p>Marta Kos zaradi Mladi\u0107a odpovedala obisk<\/p>\n<p>Srbija je medtem, kot \u017ee re\u010deno, pod drobnogledom zaradi dogajanja po smrti Ratka Mladi\u0107a.\u00a0Evropska komisarka za \u0161iritev Marta Kos je zaradi poveli\u010devanja pravnomo\u010dno obsojenega <a href=\"https:\/\/slovenskenovice.delo.si\/novice\/svet\/neverjetni-prizori-iz-srbije-poglejte-kaj-so-poceli-ob-truplu-vojnega-zlocinca-video-in-foto\" target=\"_blank\" rel=\"nofollow noopener\">vojnega zlo\u010dinca odpovedala svoj obisk<\/a>. Posmrtne ostanke Mladi\u0107a so v \u010detrtek z letalom srbske vlade pripeljali v Beograd, ob poti pa so ga nekateri privr\u017eenci slavili kot \u00bbsrbskega heroja\u00ab.\u00a0Kosova je opozorila, da tak\u0161no poveli\u010devanje ni v skladu z evropskimi vrednotami, na katerih temelji pot Srbije v Evropsko unijo.<\/p>\n","protected":false},"excerpt":{"rendered":"Minister An\u017ee Logar se je v petek v Srbiji pogovarjal o gospodarskem sodelovanju in slovenski udele\u017ebi na Expu&hellip;\n","protected":false},"author":2,"featured_media":217240,"comment_status":"","ping_status":"","sticky":false,"template":"","format":"standard","meta":{"footnotes":"","_share_on_mastodon":"0"},"categories":[6],"tags":[1137,5626,500,499,40889,173,9030,19584,59,61,62,37,58,60,38,780,5805],"class_list":["post-217239","post","type-post","status-publish","format-standard","has-post-thumbnail","category-slovenija","tag-anze-logar","tag-beograd","tag-eu","tag-evropska-komisija","tag-expo-2027","tag-gospodarstvo","tag-marta-kos","tag-ratko-mladic","tag-republic-of-slovenia","tag-republika-slovenija","tag-si","tag-slovene","tag-slovenia","tag-slovenija","tag-slovenscina","tag-srbija","tag-vojni-zlocini"],"share_on_mastodon":{"url":"https:\/\/pubeurope.com\/@si\/117221618007969033","error":""},"_links":{"self":[{"href":"https:\/\/www.europesays.com\/si\/wp-json\/wp\/v2\/posts\/217239","targetHints":{"allow":["GET"]}}],"collection":[{"href":"https:\/\/www.europesays.com\/si\/wp-json\/wp\/v2\/posts"}],"about":[{"href":"https:\/\/www.europesays.com\/si\/wp-json\/wp\/v2\/types\/post"}],"author":[{"embeddable":true,"href":"https:\/\/www.europesays.com\/si\/wp-json\/wp\/v2\/users\/2"}],"replies":[{"embeddable":true,"href":"https:\/\/www.europesays.com\/si\/wp-json\/wp\/v2\/comments?post=217239"}],"version-history":[{"count":0,"href":"https:\/\/www.europesays.com\/si\/wp-json\/wp\/v2\/posts\/217239\/revisions"}],"wp:featuredmedia":[{"embeddable":true,"href":"https:\/\/www.europesays.com\/si\/wp-json\/wp\/v2\/media\/217240"}],"wp:attachment":[{"href":"https:\/\/www.europesays.com\/si\/wp-json\/wp\/v2\/media?parent=217239"}],"wp:term":[{"taxonomy":"category","embeddable":true,"href":"https:\/\/www.europesays.com\/si\/wp-json\/wp\/v2\/categories?post=217239"},{"taxonomy":"post_tag","embeddable":true,"href":"https:\/\/www.europesays.com\/si\/wp-json\/wp\/v2\/tags?post=217239"}],"curies":[{"name":"wp","href":"https:\/\/api.w.org\/{rel}","templated":true}]}}