{"id":217325,"date":"2026-09-06T06:27:14","date_gmt":"2026-09-06T06:27:14","guid":{"rendered":"https:\/\/www.europesays.com\/si\/217325\/"},"modified":"2026-09-06T06:27:14","modified_gmt":"2026-09-06T06:27:14","slug":"netanjahu-se-je-pohvalil-napadel-sem-katar-tudi-bombardiral-sem-ga","status":"publish","type":"post","link":"https:\/\/www.europesays.com\/si\/217325\/","title":{"rendered":"Netanjahu se je &#8216;pohvalil&#8217;: Napadel sem Katar, tudi bombardiral sem ga"},"content":{"rendered":"<p>V intervjuju za izraelski i24NEWS je Netanjahu odkrito spregovoril o Katarju. &#8220;Napadel sem Katar, tudi bombardiral sem ga in jih med vojno napadel, oni pa so napadli mene,&#8221; je potrdil.<\/p>\n<p>Intervju je objavljen le nekaj dni pred prvo obletnico izraelskega napada na Doho 9. septembra 2025. V bombardiranju je bilo med sre\u010danjem, na katerem so razpravljali o predlogu za prekinitev ognja v Gazi, ki so ga podprle Zdru\u017eene dr\u017eave Amerike, ubitih pet \u010dlanov Hamasa in katarski varnostnik.<\/p>\n<p><img loading=\"lazy\" decoding=\"async\" alt=\"Izraelski napad v Dohi\" src=\"https:\/\/www.europesays.com\/si\/wp-content\/uploads\/2026\/09\/956d41464fa1eecb678f_63465873.jpg.webp\" class=\"w-full\" width=\"608\" height=\"405\"\/>Izraelski napad v DohiFOTO: Profimedia<\/p>\n<p>Katar, ki \u017ee dolgo deluje kot posrednik v konfliktih na Bli\u017enjem vzhodu in drugod, od leta 2012 gosti politi\u010dni urad Hamasa, za kar je, kot pravijo, zaprosila ameri\u0161ka stran. Doha je napad obsodila kot &#8220;o\u010ditno kr\u0161itev vseh mednarodnih zakonov in norm&#8221;, tiskovni predstavnik katarskega zunanjega ministrstva Majed al-Ansari pa ga je ozna\u010dil za &#8220;strahopeten&#8221; napad.<\/p>\n<p>Napad je obsodilo tudi ve\u010d dr\u017eav v regiji, med njimi Iran in Pakistan. Voditelji Jordanije, Zdru\u017eenih arabskih emiratov in Savdske Arabije pa so Katar kmalu zatem obiskali v znak solidarnosti. Generalni sekretar Zdru\u017eenih narodov Antonio Guterres je napade ozna\u010dil za &#8220;o\u010ditno kr\u0161itev&#8221; suverenosti in ozemeljske celovitosti Katarja, poro\u010da Al Jazeera.<\/p>\n<p>Netanjahu in ameri\u0161ki predsednik Donald Trump sta med sre\u010danjem v Beli hi\u0161i pozneje istega meseca poklicala katarskega premierja in zunanjega ministra \u0161ejka Mohameda bin Abdulrahmana bin D\u017easima Al Tanija ter se mu opravi\u010dila za napad.<\/p>\n<p>Netanjahu je opravi\u010deval tudi nakazilo ve\u010d milijonov dolarjev katarskih sredstev v Gazo, ki ga je omogo\u010dil Izrael. Dejal je, da so bila sredstva namenjena za humanitarne namene in da so bila nakazana na priporo\u010dilo izraelskih varnostnih slu\u017eb Mosad in \u0160in Bet.<\/p>\n<p>&#8220;Ves ta denar predstavlja dva odstotka \u2013 dva odstotka vsega denarja, ki je pri\u0161el na obmo\u010dje Gaze,&#8221; je dejal premier.<\/p>\n<p>Nekateri Netanjahujevi kritiki namre\u010d trdijo, da so bila sredstva uporabljena za pomo\u010d Hamasu pri pripravah na napad na Izrael 7. oktobra 2023, po katerem je Izrael za\u010del svojo genocidno vojno v Gazi. Katar te obto\u017ebe zanika. Trdi, da so navedbe, da financirajo Hamas, neutemeljene, in poudarja, da za nakazila pomo\u010di velja strog nadzor.<\/p>\n<p>&#8220;Danes, ko Izrael trdi, da Katar financira Hamas, za to ni nobene podlage,&#8221; je \u0161ejk Mohamed dejal na lanskem forumu v Dohi. &#8220;Vsa na\u0161a pomo\u010d je \u0161la v Gazo, ljudem, in potekala v zelo preglednem procesu, s katerim so Zdru\u017eene dr\u017eave Amerike v celoti seznanjene.&#8221;<\/p>\n","protected":false},"excerpt":{"rendered":"V intervjuju za izraelski i24NEWS je Netanjahu odkrito spregovoril o Katarju. &#8220;Napadel sem Katar, tudi bombardiral sem ga&hellip;\n","protected":false},"author":2,"featured_media":217326,"comment_status":"","ping_status":"","sticky":false,"template":"","format":"standard","meta":{"footnotes":"","_share_on_mastodon":"0"},"categories":[8],"tags":[37,38,64,63],"class_list":["post-217325","post","type-post","status-publish","format-standard","has-post-thumbnail","category-svet","tag-slovene","tag-slovenscina","tag-svet","tag-world"],"share_on_mastodon":{"url":"https:\/\/pubeurope.com\/@si\/117222680007991949","error":""},"_links":{"self":[{"href":"https:\/\/www.europesays.com\/si\/wp-json\/wp\/v2\/posts\/217325","targetHints":{"allow":["GET"]}}],"collection":[{"href":"https:\/\/www.europesays.com\/si\/wp-json\/wp\/v2\/posts"}],"about":[{"href":"https:\/\/www.europesays.com\/si\/wp-json\/wp\/v2\/types\/post"}],"author":[{"embeddable":true,"href":"https:\/\/www.europesays.com\/si\/wp-json\/wp\/v2\/users\/2"}],"replies":[{"embeddable":true,"href":"https:\/\/www.europesays.com\/si\/wp-json\/wp\/v2\/comments?post=217325"}],"version-history":[{"count":0,"href":"https:\/\/www.europesays.com\/si\/wp-json\/wp\/v2\/posts\/217325\/revisions"}],"wp:featuredmedia":[{"embeddable":true,"href":"https:\/\/www.europesays.com\/si\/wp-json\/wp\/v2\/media\/217326"}],"wp:attachment":[{"href":"https:\/\/www.europesays.com\/si\/wp-json\/wp\/v2\/media?parent=217325"}],"wp:term":[{"taxonomy":"category","embeddable":true,"href":"https:\/\/www.europesays.com\/si\/wp-json\/wp\/v2\/categories?post=217325"},{"taxonomy":"post_tag","embeddable":true,"href":"https:\/\/www.europesays.com\/si\/wp-json\/wp\/v2\/tags?post=217325"}],"curies":[{"name":"wp","href":"https:\/\/api.w.org\/{rel}","templated":true}]}}