{"id":217353,"date":"2026-09-06T06:59:11","date_gmt":"2026-09-06T06:59:11","guid":{"rendered":"https:\/\/www.europesays.com\/si\/217353\/"},"modified":"2026-09-06T06:59:11","modified_gmt":"2026-09-06T06:59:11","slug":"trimo-in-slovenj-gradec-sta-se-razsla-z-delitvijo-tock","status":"publish","type":"post","link":"https:\/\/www.europesays.com\/si\/217353\/","title":{"rendered":"Trimo in Slovenj Gradec sta se raz\u0161la z delitvijo to\u010dk"},"content":{"rendered":"<p>\t\t\t\t\t\t\t\t<a href=\"https:\/\/www.europesays.com\/si\/wp-content\/uploads\/2026\/09\/67020849.jpg\" itemprop=\"contentUrl\" data-size=\"1200x800\" data-large=\"https:\/\/www.europesays.com\/si\/wp-content\/uploads\/2026\/09\/67020849.jpg\"><br \/>\n\t\t\t\t\t\t\t\t\t<img decoding=\"async\" src=\"https:\/\/www.europesays.com\/si\/wp-content\/uploads\/2026\/09\/67020849.jpg\" title=\"Foto: www.alesfevzer.com\" alt=\"Foto: www.alesfevzer.com\"\/><br \/>\n\t\t\t\t\t\t\t\t<\/a><\/p>\n<p>\t\t\t\t\t\t\t\t\tFoto: www.alesfevzer.com<\/p>\n<p>\t\t\t\t\t\t\t<a id=\"preferredSourceBanner\" href=\"https:\/\/www.rtvslo.si\/sport\/rokomet\/drzavno-rokometno-prvenstvo\/trimo-in-slovenj-gradec-sta-se-razsla-z-delitvijo-tock\/javascript:void(0)\" target=\"_blank\" class=\"d-none align-items-center justify-content-between rounded my-3\" style=\"padding: 10px 15px;\" rel=\"nofollow noopener\"><br \/>\n\t\t\t\t\t\t<img decoding=\"async\" src=\"https:\/\/img.rtvslo.si\/_static\/novi\/img\/ico-google.svg\" class=\"flex-shrink-0 mr-3\" aria-hidden=\"true\"\/><br \/>\n\t\t\t\t\t\tSpremljajte RTVSLO.si kot prednostni vir na Google<\/p>\n<p>\t\t\t\t\t<\/a><\/p>\n<p>Ljubitelji rokometa v Trebnjem so videli dramati\u010dno predstavo, za name\u010dek pa so v drugem delu trepetali do zadnjega piska sirene, saj so bili Koro\u0161ci tisti, ki so imeli ves \u010das rahlo prednost.<\/p>\n<p>Oglas<\/p>\n<p>Na koncu so gledalci vendarle do\u010dakali sre\u010den konec, ko je Lovro Vi\u0161\u010dek v izdihljajih tekme zadel za 32:32 in \u010deti Branka Tam\u0161eta priboril zaslu\u017eeno to\u010dko. Pred tem je kazalo na zmago varovancev Zorana Jovi\u010di\u0107a, ko je Veljko Stanojevi\u0107 v 58. minuti zadel za vodstvo z 32:30.<\/p>\n<p>Gal Cirar je s sedemmetrovke zni\u017eal, prav ob koncu pa so bili Trebanjci nagrajeni za borbenost, ko je Vi\u0161\u010dek kaznoval izklju\u010ditev Adija Mehmed\u0107ehaji\u0107a. \u017de omenjeni Cirar je bil s sedmimi goli naju\u010dinkovitej\u0161i pri doma\u010dih, Stanojevi\u0107 jih je na drugi strani dosegel kar devet. <\/p>\n<p>Dr\u017eavno prvenstvo v rokometu, 2. krog<\/p>\n<p>GORENJE VELENJE \u2212 AJDOV\u0160\u010cINA 35:27 (17:13)<br \/>Ivanoski in Sokoli\u010d po 7; Malovi\u0107 9.<\/p>\n<p>JERUZALEM ORMO\u017d \u2212 SVI\u0160 33:30 (15:15)<br \/>Sraga in Lukman po 7; Ko\u0161ir 8.<\/p>\n<p>GROSIST SLOVAN \u2212 RIKO RIBNICA 38:22 (20:12)<br \/>Slatinek Jovi\u010di\u010d 10; Vuki\u0107evi\u0107 6.<\/p>\n<p>TRIMO TREBNJE \u2212 SLOVENJ GRADEC 32:32 (15:16)<br \/>Cirar 7; Stanojevi\u0107 9.<\/p>\n<p>\u0160KOFLJICA \u2212 CELJE PL 33:40 (16:19)<br \/>Podvr\u0161i\u010d 10; An\u017ei\u010d 7.<\/p>\n<p>\u0160KOFJA LOKA \u2212 KRKA 29:34 (16:15)<br \/>Hrastnik 7; \u017dagar in Muhi\u010d po 7.<\/p>\n<p>LestvicaGROSIST SLOVAN          2  2 0 0  4<br \/>\nCELJE PIVOVARNA LA\u0160KO   2  2 0 0  4<br \/>\nKRKA                    2  2 0 0  4<br \/>\nSLOVENJ GRADEC          2  1 1 0  3<br \/>\nTRIMO TREBNJE           2  1 1 0  3<br \/>\nGORENJE VELENJE         2  1 0 1  2<br \/>\n\u0160KOFJA LOKA             2  1 0 1  2<br \/>\nJERUZALEM ORMO\u017d         2  1 0 1  2<br \/>\nAJDOV\u0160\u010cINA              2  0 0 2  0<br \/>\nSVI\u0160 CUGELJ OKNA        2  0 0 2  0<br \/>\n\u0160KOFLJICA               2  0 0 2  0<br \/>\nRIKO RIBNICA            2  0 0 2  0<\/p>\n<p>Oglas<\/p>\n","protected":false},"excerpt":{"rendered":"Foto: www.alesfevzer.com Spremljajte RTVSLO.si kot prednostni vir na Google Ljubitelji rokometa v Trebnjem so videli dramati\u010dno predstavo, za&hellip;\n","protected":false},"author":2,"featured_media":217354,"comment_status":"","ping_status":"","sticky":false,"template":"","format":"standard","meta":{"footnotes":"","_share_on_mastodon":"0"},"categories":[16],"tags":[966,301,62,37,58,60,2540,38,94,93,10446],"class_list":["post-217353","post","type-post","status-publish","format-standard","has-post-thumbnail","category-sport","tag-drzavno-prvenstvo","tag-rokomet","tag-si","tag-slovene","tag-slovenia","tag-slovenija","tag-slovenj-gradec","tag-slovenscina","tag-sport","tag-sports","tag-trimo"],"share_on_mastodon":{"url":"https:\/\/pubeurope.com\/@si\/117222805815157055","error":""},"_links":{"self":[{"href":"https:\/\/www.europesays.com\/si\/wp-json\/wp\/v2\/posts\/217353","targetHints":{"allow":["GET"]}}],"collection":[{"href":"https:\/\/www.europesays.com\/si\/wp-json\/wp\/v2\/posts"}],"about":[{"href":"https:\/\/www.europesays.com\/si\/wp-json\/wp\/v2\/types\/post"}],"author":[{"embeddable":true,"href":"https:\/\/www.europesays.com\/si\/wp-json\/wp\/v2\/users\/2"}],"replies":[{"embeddable":true,"href":"https:\/\/www.europesays.com\/si\/wp-json\/wp\/v2\/comments?post=217353"}],"version-history":[{"count":0,"href":"https:\/\/www.europesays.com\/si\/wp-json\/wp\/v2\/posts\/217353\/revisions"}],"wp:featuredmedia":[{"embeddable":true,"href":"https:\/\/www.europesays.com\/si\/wp-json\/wp\/v2\/media\/217354"}],"wp:attachment":[{"href":"https:\/\/www.europesays.com\/si\/wp-json\/wp\/v2\/media?parent=217353"}],"wp:term":[{"taxonomy":"category","embeddable":true,"href":"https:\/\/www.europesays.com\/si\/wp-json\/wp\/v2\/categories?post=217353"},{"taxonomy":"post_tag","embeddable":true,"href":"https:\/\/www.europesays.com\/si\/wp-json\/wp\/v2\/tags?post=217353"}],"curies":[{"name":"wp","href":"https:\/\/api.w.org\/{rel}","templated":true}]}}