{"id":217381,"date":"2026-09-06T07:24:10","date_gmt":"2026-09-06T07:24:10","guid":{"rendered":"https:\/\/www.europesays.com\/si\/217381\/"},"modified":"2026-09-06T07:24:10","modified_gmt":"2026-09-06T07:24:10","slug":"drama-v-lazah-avto-zagorel-na-crpalki-zurnal24","status":"publish","type":"post","link":"https:\/\/www.europesays.com\/si\/217381\/","title":{"rendered":"Drama v Lazah, avto zagorel na \u010drpalki &#8211; \u017durnal24"},"content":{"rendered":"<p><a href=\"https:\/\/news.google.com\/rss\/articles\/CBMihAFBVV95cUxNWmxBYkNaX1dLUHJwMW5SbWFLVWNwMWU1dzdPUlUwZU5Nd3lMSExtZk5zTzJIRUc5cHZKa1F4YWNIRGRDRGJnRzVVSmdoMjZPdS13YnNkdS1lVzljazBjUGlWeGhONDFvODROTmxGRUp6MHc5YWNsWFZwWGVCRXVmcUJ1d1Y?oc=5\" target=\"_blank\" rel=\"nofollow noopener\">Drama v Lazah, avto zagorel na \u010drpalki<\/a>&nbsp;&nbsp;\u017durnal24<a href=\"https:\/\/news.google.com\/rss\/articles\/CBMilAFBVV95cUxNaWFERGItMDdQQlpFQjdEOG92ZnVCVEpmMHVidFh6UjJVWl9XWEYxcVhwU3FTQmNBZFdDSHo0S01pRzg4elpCcTI4Tm81LUNuQURUS19oQ3c3UW9DVUpqMnJpNW1KSmItR0IyZUE0bzNTUXVrSkFaNEFoeUlaYndiRktEUW1lZmxBejVYREVhR2ZCZnJf?oc=5\" target=\"_blank\" rel=\"nofollow noopener\">V Voglajni opazili belo snov, na bencinskem servisu zagorelo vozilo<\/a>&nbsp;&nbsp;Svet24.si<a href=\"https:\/\/news.google.com\/rss\/articles\/CBMilAFBVV95cUxNY3lrTXZFYzV5S1RKUF9fYXZGU3FYN3ltUXlBTGJmRUQzQ2RXRF9ETXlGTW5Ha1dwUDM4dFAxOFBRcHJkRnBybHBZWFktQ3lBd1M0T2g0Y3FDcGRiZHI2amYyYjhhWmxHLXZzQ2xWM1JxNExxcGFyNjduZFRuYkdHWW10QzhYVEJrb1Y4aXZlYVZxSEVT?oc=5\" target=\"_blank\" rel=\"nofollow noopener\">Onesna\u017eenja okolja in posegi v okolje 5. 9. 2026 13.07<\/a>&nbsp;&nbsp;MojaOb\u010dina.si<a href=\"https:\/\/news.google.com\/rss\/articles\/CBMie0FVX3lxTE1pQXhxWWU4QVc5c1pjaktQUjhhbVpKdlhNeVZINnRkTjBfdnA1NE81QUJIRzU3WXQwMlJFcVNUakpWb2R4UUt5WWozS0w2d1ZXOWtlbWpXRTIyaldKWVJmSTJRSHJydkt2bFJfeXNxcXB6NFhKTmluTHRfOA?oc=5\" target=\"_blank\" rel=\"nofollow noopener\">Na bencinskem servisu pri Dramljah zagorel avto<\/a>&nbsp;&nbsp;kozjansko.info<a href=\"https:\/\/news.google.com\/rss\/articles\/CBMisgFBVV95cUxOa1NDQ2ltN3lobDZabzFuQTM5U2Vhdi1OV1BaOXpycVhfc0pmYmlyaWlEdzRpbF9QM2dNY2RNT3VrdmR5UVFiXzFoY2M4dWNfUmhMTXFZaG9Vbnp2eFl2dHhLXzdBbTF6SHVVclhRbzdzdXVzck53Uzh6NWZROTMwXzg0aUVFb3draUwtYnFhTDdnOGVyalJxYktuRGd4UER2WHhUMkdHbnZFaFBLWTV4alp3?oc=5\" target=\"_blank\" rel=\"nofollow noopener\">Gasilci posredovali zaradi bele snovi v Voglajni, na bencinski \u010drpalki gorel avto<\/a>&nbsp;&nbsp;Celje.info<\/p>\n","protected":false},"excerpt":{"rendered":"Drama v Lazah, avto zagorel na \u010drpalki&nbsp;&nbsp;\u017durnal24V Voglajni opazili belo snov, na bencinskem servisu zagorelo vozilo&nbsp;&nbsp;Svet24.siOnesna\u017eenja okolja in&hellip;\n","protected":false},"author":2,"featured_media":217382,"comment_status":"","ping_status":"","sticky":false,"template":"","format":"standard","meta":{"footnotes":"","_share_on_mastodon":"0"},"categories":[6],"tags":[2175,760,59,61,6731,62,37,58,60,38],"class_list":["post-217381","post","type-post","status-publish","format-standard","has-post-thumbnail","category-slovenija","tag-bencinska-crpalka","tag-pozar","tag-republic-of-slovenia","tag-republika-slovenija","tag-sentjur","tag-si","tag-slovene","tag-slovenia","tag-slovenija","tag-slovenscina"],"share_on_mastodon":{"url":"https:\/\/pubeurope.com\/@si\/117222903976771035","error":""},"_links":{"self":[{"href":"https:\/\/www.europesays.com\/si\/wp-json\/wp\/v2\/posts\/217381","targetHints":{"allow":["GET"]}}],"collection":[{"href":"https:\/\/www.europesays.com\/si\/wp-json\/wp\/v2\/posts"}],"about":[{"href":"https:\/\/www.europesays.com\/si\/wp-json\/wp\/v2\/types\/post"}],"author":[{"embeddable":true,"href":"https:\/\/www.europesays.com\/si\/wp-json\/wp\/v2\/users\/2"}],"replies":[{"embeddable":true,"href":"https:\/\/www.europesays.com\/si\/wp-json\/wp\/v2\/comments?post=217381"}],"version-history":[{"count":0,"href":"https:\/\/www.europesays.com\/si\/wp-json\/wp\/v2\/posts\/217381\/revisions"}],"wp:featuredmedia":[{"embeddable":true,"href":"https:\/\/www.europesays.com\/si\/wp-json\/wp\/v2\/media\/217382"}],"wp:attachment":[{"href":"https:\/\/www.europesays.com\/si\/wp-json\/wp\/v2\/media?parent=217381"}],"wp:term":[{"taxonomy":"category","embeddable":true,"href":"https:\/\/www.europesays.com\/si\/wp-json\/wp\/v2\/categories?post=217381"},{"taxonomy":"post_tag","embeddable":true,"href":"https:\/\/www.europesays.com\/si\/wp-json\/wp\/v2\/tags?post=217381"}],"curies":[{"name":"wp","href":"https:\/\/api.w.org\/{rel}","templated":true}]}}