{"id":217471,"date":"2026-09-06T09:01:13","date_gmt":"2026-09-06T09:01:13","guid":{"rendered":"https:\/\/www.europesays.com\/si\/217471\/"},"modified":"2026-09-06T09:01:13","modified_gmt":"2026-09-06T09:01:13","slug":"kremelj-pogovore-z-ameriskima-odposlancema-oznacil-za-koristne-danes-se-srecanje-v-kijevu","status":"publish","type":"post","link":"https:\/\/www.europesays.com\/si\/217471\/","title":{"rendered":"Kremelj pogovore z ameri\u0161kima odposlancema ozna\u010dil za koristne. Danes \u0161e sre\u010danje v Kijevu."},"content":{"rendered":"<p>\t\t\t\t\t\t\t\t<a href=\"https:\/\/www.europesays.com\/si\/wp-content\/uploads\/2026\/09\/67095072.jpg\" itemprop=\"contentUrl\" data-size=\"1200x800\" data-large=\"https:\/\/www.europesays.com\/si\/wp-content\/uploads\/2026\/09\/67095072.jpg\"><br \/>\n\t\t\t\t\t\t\t\t\t<img decoding=\"async\" src=\"https:\/\/www.europesays.com\/si\/wp-content\/uploads\/2026\/09\/67095072.jpg\" title=\"Sre\u010danje med Putinom, Kushnerjem in Witkoffom v Moskvi. Foto: Reuters\" alt=\"Sre\u010danje med Putinom, Kushnerjem in Witkoffom v Moskvi. Foto: Reuters\"\/><br \/>\n\t\t\t\t\t\t\t\t<\/a><\/p>\n<p>\t\t\t\t\t\t\t\t\tSre\u010danje med Putinom, Kushnerjem in Witkoffom v Moskvi. Foto: Reuters<\/p>\n<p>\t\t\t\t\t\t\t<a id=\"preferredSourceBanner\" href=\"https:\/\/www.rtvslo.si\/svet\/vojna-v-ukrajini\/kremelj-pogovore-z-ameriskima-odposlancema-oznacil-za-koristne-danes-se-srecanje-v-kijevu\/javascript:void(0)\" target=\"_blank\" class=\"d-none align-items-center justify-content-between rounded my-3\" style=\"padding: 10px 15px;\" rel=\"nofollow noopener\"><br \/>\n\t\t\t\t\t\t<img decoding=\"async\" src=\"https:\/\/img.rtvslo.si\/_static\/novi\/img\/ico-google.svg\" class=\"flex-shrink-0 mr-3\" aria-hidden=\"true\"\/><br \/>\n\t\t\t\t\t\tSpremljajte RTVSLO.si kot prednostni vir na Google<\/p>\n<p>\t\t\t\t\t<\/a><\/p>\n<p>Svetovalec ruskega predsednika Jurij U\u0161akov je po sobotnem sre\u010danju v Kremlju dejal, da je ameri\u0161ka stran predstavila &#8220;ve\u010d idej&#8221; za kon\u010danje vojne, kak\u0161nih, pa ni pojasnil. &#8220;Predstavniki ZDA so se na ta obisk temeljito pripravili. Niso zgolj znova poudarili svojega obi\u010dajnega interesa za hiter konec sovra\u017enosti, temve\u010d so predstavili tudi vrsto idej o mo\u017enih poteh do re\u0161itve,&#8221; je dejal.<\/p>\n<p>Oglas<\/p>\n<p>U\u0161akov je dodal, da je Putin sogovornikoma dejal, da ruska vojska na boji\u0161\u010du dosega &#8220;velik napredek&#8221; in da je Moskva &#8220;izrazila prepri\u010danje, da bodo njeni zastavljeni cilji dose\u017eeni&#8221;, ni pa povedal, za katere konkretne cilje gre. Znova je poudaril, da je treba &#8220;nasloviti vzroke za nastali spor&#8221;.<\/p>\n<p>Putin je na za\u010detku sre\u010danja z ameri\u0161kima predstavnikoma pred kamerami opozoril, da &#8220;razmere niso preproste&#8221;, nato pa se je zahvalil ameri\u0161kemu predsedniku Donaldu Trumpu za njegova prizadevanja za kon\u010danje vojne.<\/p>\n<p>\t\t\t\t\t\t\t\t<a href=\"https:\/\/www.europesays.com\/si\/wp-content\/uploads\/2026\/09\/67095073.jpg\" itemprop=\"contentUrl\" data-size=\"1200x800\" data-large=\"https:\/\/www.europesays.com\/si\/wp-content\/uploads\/2026\/09\/67095073.jpg\"><br \/>\n\t\t\t\t\t\t\t\t\t<img decoding=\"async\" src=\"https:\/\/www.europesays.com\/si\/wp-content\/uploads\/2026\/09\/67095073.jpg\" title=\"Witkoffa in Kushnerja je v soboto zve\u010der na letali\u0161\u010de pospremil Putinov posebni odposlanec Kiril Dmitrijev. Foto: Reuters\" alt=\"Witkoffa in Kushnerja je v soboto zve\u010der na letali\u0161\u010de pospremil Putinov posebni odposlanec Kiril Dmitrijev. Foto: Reuters\"\/><br \/>\n\t\t\t\t\t\t\t\t<\/a><\/p>\n<p>\t\t\t\t\t\t\t\t\tWitkoffa in Kushnerja je v soboto zve\u010der na letali\u0161\u010de pospremil Putinov posebni odposlanec Kiril Dmitrijev. Foto: Reuters<\/p>\n<p>Tiskovni predstavnik Bele hi\u0161e je pozneje povedal, da sta ameri\u0161ka odposlanca v Moskvi &#8220;razpravljala o vsebinskih na\u010drtih za nadaljnje korake, ki bodo objavljeni v prihodnjih tednih.&#8221;<br \/>Witkoff in Kushner po sre\u010danju nista dajala izjav.<\/p>\n<p>Prvi\u010d pogovori v Kijevu<\/p>\n<p>Witkoff in Kushner, ki sta v imenu ZDA posredovala v dosedanjih diplomatskih prizadevanjih med Kijevom in Moskvo za kon\u010danje vojne v Ukrajini, sta bila v Moskvi \u017ee ve\u010dkrat, medtem ko Kijeva doslej \u0161e nista obiskala. V ukrajinskem glavnem mestu se mudita danes, ko se bosta sre\u010dala z ukrajinskim predsednikom Volodimirjem Zelenskim.<\/p>\n<p>Tridnevna prekinitev spopadov<\/p>\n<p>Zelenski je v petek predlagal, da bi med njunim obiskom v prestolnicah Rusije in Ukrajine obveljalo premirje med vojskujo\u010dima se stranema. Putin je v soboto napovedal, da bo z dana\u0161njim dnem za tri dni ustavil zra\u010dne napade na ukrajinsko prestolnico. Tridnevna prekinitev ruskih napadov je povezana z varnostjo pogajalcev ZDA. Tudi Ukrajina je po predhodnih navedbah zagotovila, da med njunim obiskom ne bo izvajala zra\u010dnih napadov na Rusijo.<\/p>\n<p>Prizadevanja za kon\u010danje vojne v Ukrajini, ki traja \u017ee ve\u010d kot \u0161tiri leta in pol, so v zadnjih mesecih zastala, potem ko se je pozornost ZDA preusmerila na vojno z Iranom.<\/p>\n<p>Oglas<\/p>\n","protected":false},"excerpt":{"rendered":"Sre\u010danje med Putinom, Kushnerjem in Witkoffom v Moskvi. Foto: Reuters Spremljajte RTVSLO.si kot prednostni vir na Google Svetovalec&hellip;\n","protected":false},"author":2,"featured_media":217472,"comment_status":"","ping_status":"","sticky":false,"template":"","format":"standard","meta":{"footnotes":"","_share_on_mastodon":"0"},"categories":[8],"tags":[22602,421,37,38,2259,64,71,757,458,63,404],"class_list":["post-217471","post","type-post","status-publish","format-standard","has-post-thumbnail","category-svet","tag-jared-kushner","tag-rusija","tag-slovene","tag-slovenscina","tag-steve-witkoff","tag-svet","tag-ukrajina","tag-vladimir-putin","tag-volodimir-zelenski","tag-world","tag-zda"],"share_on_mastodon":{"url":"https:\/\/pubeurope.com\/@si\/117223285862388945","error":""},"_links":{"self":[{"href":"https:\/\/www.europesays.com\/si\/wp-json\/wp\/v2\/posts\/217471","targetHints":{"allow":["GET"]}}],"collection":[{"href":"https:\/\/www.europesays.com\/si\/wp-json\/wp\/v2\/posts"}],"about":[{"href":"https:\/\/www.europesays.com\/si\/wp-json\/wp\/v2\/types\/post"}],"author":[{"embeddable":true,"href":"https:\/\/www.europesays.com\/si\/wp-json\/wp\/v2\/users\/2"}],"replies":[{"embeddable":true,"href":"https:\/\/www.europesays.com\/si\/wp-json\/wp\/v2\/comments?post=217471"}],"version-history":[{"count":0,"href":"https:\/\/www.europesays.com\/si\/wp-json\/wp\/v2\/posts\/217471\/revisions"}],"wp:featuredmedia":[{"embeddable":true,"href":"https:\/\/www.europesays.com\/si\/wp-json\/wp\/v2\/media\/217472"}],"wp:attachment":[{"href":"https:\/\/www.europesays.com\/si\/wp-json\/wp\/v2\/media?parent=217471"}],"wp:term":[{"taxonomy":"category","embeddable":true,"href":"https:\/\/www.europesays.com\/si\/wp-json\/wp\/v2\/categories?post=217471"},{"taxonomy":"post_tag","embeddable":true,"href":"https:\/\/www.europesays.com\/si\/wp-json\/wp\/v2\/tags?post=217471"}],"curies":[{"name":"wp","href":"https:\/\/api.w.org\/{rel}","templated":true}]}}