{"id":217481,"date":"2026-09-06T09:15:14","date_gmt":"2026-09-06T09:15:14","guid":{"rendered":"https:\/\/www.europesays.com\/si\/217481\/"},"modified":"2026-09-06T09:15:14","modified_gmt":"2026-09-06T09:15:14","slug":"razkrito-zakaj-je-dolly-parton-diagnozo-raka-skrivala-pred-javnostjo","status":"publish","type":"post","link":"https:\/\/www.europesays.com\/si\/217481\/","title":{"rendered":"Razkrito, zakaj je Dolly Parton diagnozo raka skrivala pred javnostjo"},"content":{"rendered":"<p>Ne\u010dakinja Dolly Parton,\u00a0Jada Star, je odkrito spregovorila o zdravstveni poti pred nedavnim preminule country legende. V pogovoru za\u00a0Extra\u00a0je pojasnila, zakaj se je Partonova odlo\u010dila, da bo svojo bolezen in zdravljenje pred javnostjo skrivala. \u00bbNikoli ni \u017eelela, da bi bil kdo zaskrbljen. Zato je bila njena smrt pravzaprav \u0161ok,\u00ab je o slovesu slavne tete povedala Jada. Predstavniki Dolly Parton so potrdili, da je pevka umrla po\u00a0kratkem boju z rakom, vendar vrste niso razkrili.<\/p>\n<p>V izjavi so zapisali, da je Partonova svoje \u017eivljenje in kariero posvetila prina\u0161anju veselja, smeha, upanja in integritete v vse, \u010desar se je lotila. \u00bbNjena edinstvena velikodu\u0161nost je dosegla ne\u0161teto ljudi, ki jih sama nikoli ni spoznala, vendar jim je bila vedno pripravljena pomagati. Naj je \u0161lo za stotine milijonov knjig, podarjenih v okviru njene neprecenljive\u00a0Imagination Library, ali za financiranje raziskav, ki so pomagale pri razvoju cepiva, ki re\u0161uje \u017eivljenja in se uporablja po vsem svetu, Dollyjina brezpogojna ljubezen do ljudi je bila gonilna sila njenega trajnega vpliva,\u00ab so navedli.<\/p>\n<p>Dodali so, da se je pevka pogumno soo\u010dila s kratkim bojem z rakom in, obdana z najbli\u017ejimi, umrla v\u00a0Centru za zdravljenje raka Vanderbilt-Ingram v Nashvillu. Dolly Parton naj bi se pred smrtjo spopadala tudi z\u00a0ledvi\u010dnimi te\u017eavami in avtoimunskimi boleznimi. Po navedbah vira je bila v omenjeni center sprejeta 21. avgusta. Njena dru\u017eina je v dneh po njeni smrti ve\u010dkrat poudarila, da je \u017eelela zdravstveno stanje ohraniti zase, zato naj bi bila njena smrt za \u0161tevilne bli\u017enje in obo\u017eevalce toliko bolj nepri\u010dakovana.<\/p>\n<p>Pokopana v krogu dru\u017eine<\/p>\n<p>Pokojnica je bila konec prej\u0161njega meseca pokopana na zasebni slovesnosti, ki so se je udele\u017eili le najbli\u017eji dru\u017einski \u010dlani, je na dru\u017ebenih omre\u017ejih\u00a0sporo\u010dila njena prane\u010dakinja\u00a0Lainey Parton. Jada Star je medtem povedala, da so dru\u017eini \u0161tevilne izre\u010dene so\u017ealne besede in pokloni zelo pomagali pri soo\u010danju z izgubo. \u00bbNe morem se spomniti \u017eivljenja brez nje. Povedala bi nam tudi, naj za\u010dnemo to premagovati, se posku\u0161amo vrniti k delu in se imeti zelo radi,\u00ab je dejala.<\/p>\n<p><img decoding=\"async\" class=\"article__img-tag-visible\" src=\"https:\/\/www.europesays.com\/si\/wp-content\/uploads\/2026\/09\/3716810.width-660.format-webp.webp\" alt=\"FOTO: Profimedia\" img_id=\"11788841\" data-img-id=\"11788841\"\/><\/p>\n<p>FOTO: Profimedia<\/p>\n<p>Pevka je za seboj pustila eno najprepoznavnej\u0161ih glasbenih zapu\u0161\u010din v zgodovini country glasbe, njena dobrodelnost pa je mo\u010dno presegla glasbeni svet. Med drugim je njena\u00a0Imagination Library\u00a0otrokom po svetu omogo\u010dila dostop do brezpla\u010dnih knjig, pomembno pa je prispevala tudi k raziskavam, povezanim s cepivom proti covidu-19.<\/p>\n","protected":false},"excerpt":{"rendered":"Ne\u010dakinja Dolly Parton,\u00a0Jada Star, je odkrito spregovorila o zdravstveni poti pred nedavnim preminule country legende. V pogovoru za\u00a0Extra\u00a0je&hellip;\n","protected":false},"author":2,"featured_media":217482,"comment_status":"","ping_status":"","sticky":false,"template":"","format":"standard","meta":{"footnotes":"","_share_on_mastodon":"0"},"categories":[18],"tags":[2622,10325,1844,114,610,2064,62,37,58,60,38,115,3596],"class_list":["post-217481","post","type-post","status-publish","format-standard","has-post-thumbnail","category-zabava","tag-bolezen","tag-dolly-parton","tag-druzina","tag-entertainment","tag-pevka","tag-rak","tag-si","tag-slovene","tag-slovenia","tag-slovenija","tag-slovenscina","tag-zabava","tag-zalovanje"],"share_on_mastodon":{"url":"https:\/\/pubeurope.com\/@si\/117223340871618718","error":""},"_links":{"self":[{"href":"https:\/\/www.europesays.com\/si\/wp-json\/wp\/v2\/posts\/217481","targetHints":{"allow":["GET"]}}],"collection":[{"href":"https:\/\/www.europesays.com\/si\/wp-json\/wp\/v2\/posts"}],"about":[{"href":"https:\/\/www.europesays.com\/si\/wp-json\/wp\/v2\/types\/post"}],"author":[{"embeddable":true,"href":"https:\/\/www.europesays.com\/si\/wp-json\/wp\/v2\/users\/2"}],"replies":[{"embeddable":true,"href":"https:\/\/www.europesays.com\/si\/wp-json\/wp\/v2\/comments?post=217481"}],"version-history":[{"count":0,"href":"https:\/\/www.europesays.com\/si\/wp-json\/wp\/v2\/posts\/217481\/revisions"}],"wp:featuredmedia":[{"embeddable":true,"href":"https:\/\/www.europesays.com\/si\/wp-json\/wp\/v2\/media\/217482"}],"wp:attachment":[{"href":"https:\/\/www.europesays.com\/si\/wp-json\/wp\/v2\/media?parent=217481"}],"wp:term":[{"taxonomy":"category","embeddable":true,"href":"https:\/\/www.europesays.com\/si\/wp-json\/wp\/v2\/categories?post=217481"},{"taxonomy":"post_tag","embeddable":true,"href":"https:\/\/www.europesays.com\/si\/wp-json\/wp\/v2\/tags?post=217481"}],"curies":[{"name":"wp","href":"https:\/\/api.w.org\/{rel}","templated":true}]}}