{"id":217485,"date":"2026-09-06T09:17:14","date_gmt":"2026-09-06T09:17:14","guid":{"rendered":"https:\/\/www.europesays.com\/si\/217485\/"},"modified":"2026-09-06T09:17:14","modified_gmt":"2026-09-06T09:17:14","slug":"xavi-sestavlja-prvi-seznam-kot-selektor-kaj-je-videl-na-nizozemskem-derbiju-v-amsterdamu-novica","status":"publish","type":"post","link":"https:\/\/www.europesays.com\/si\/217485\/","title":{"rendered":"Xavi sestavlja prvi seznam kot selektor: Kaj je videl na nizozemskem derbiju v Amsterdamu? &#8211; Novica"},"content":{"rendered":"<p>                    <img decoding=\"async\" id=\"ctl00_Ams1_DocumentContent_i\" loading=\"eager\" fetchpriority=\"high\" src=\"https:\/\/www.europesays.com\/si\/wp-content\/uploads\/2026\/09\/1788686234_133_GetFile.ashx.jpeg\" style=\"border-width:0px;\"\/><\/p>\n<p>Xavi Hernandez (foto: Uradni Twitter profil kluba\/zveze)<\/p>\n<p>Nekdanji odli\u010dni vezist Xavi Hernandez se loteva dela na selektorski klopi Nizozemske in sino\u010di je v \u017eivo spremljal veliki derbi Ajax &#8211; PSV Eindhoven. <\/p>\n<p>            <a href=\"https:\/\/www.google.com\/preferences\/source?q=nogomania.com\" target=\"_blank\" style=\"display:block; background:#ededed; margin-bottom:22px;\" rel=\"nofollow noopener\">&#13;<br \/>\n                &#13;<\/p>\n<p>&#13;<br \/>\n                    Spremljajte Nogomanio kot prednostni vir na Googlu<br \/>&#13;<br \/>\n                    Dodajte Nogomanio med priljubjene vire v Google News in<br \/>&#13;<br \/>\n                    prejemajte najpomembnej\u0161e nogometne novice med prvimi.&#13;\n                <\/p>\n<p>&#13;<br \/>\n                &#13;<br \/>\n            <\/a><\/p>\n<p>Xavi Hernandez je nedavno postal selektor Nizozemske in kmalu ga \u010daka prva preizku\u0161nja, Oranje bo vodil proti Nem\u010diji v UEFA\u00a0ligi narodov. Takrat bo nekdanji as Barcelone debitiral kot selektor, pomeril se bo proti J\u00fcrgenu Kloppu in tudi on bo takrat prvi\u010d poveljeval reprezentanci Nem\u010dije. Xavi \u017ee razmi\u0161lja o svojem prvem seznamu igralcev.<\/p>\n<p>V\u010deraj si je Katalonec ogledal veliki nizozemski derbi v Amsterdamu. Ajax je gostil PSV\u00a0Eindhoven, treh to\u010dk pa so se veselili gostje (1:3).\u00a0<\/p>\n<p>Kljub rezultatu pa dogajanje na zelenici ni pretirano navdu\u0161ilo.\u00a0<\/p>\n<p>Predvsem je bil tempo nizek v drugem pol\u010dasu. Prvi trije zadetki so padli \u017ee v prvem, zadnjega pa je lahko Xavi s tribune videl v sodnikovem dodatku. Poleg tega je zgolj enega od \u0161tirih dosegel Nizozemec; Lutsharel Geertruida za PSV\u00a0Eindhoven v dodatku prvega pol\u010dasa za 1:2.\u00a0<\/p>\n<p>Kaj pa posamezniki, ki bodo zanimivi za Xavija?<\/p>\n<p>Najve\u010d je pokazal sin nekdanjega vezista, ki ga Xavi zelo dobro pozna. Ruben van Bommel ni ve\u010d skrivnost, se je pa vrnil po dolgi po\u0161kodbi in ve\u010d kot o\u010ditno odsotnost z zelenic njegovega napredka ni zaustavila, tudi sino\u010di je odigral zelo dobro tekmo, prispeval je asistenco ter bil med najbolje ocenjenimi posamezniki na igri\u0161\u010du. Velik talent.<\/p>\n<p>Guus Til ni blestel, kljub temu pa je bil zanesljiv in velja za igralca, ki redko odigra slabo tekmo. V izbrani vrsti pa \u0161e ni dobil veliko prilo\u017enosti.<\/p>\n<p>\u010ce bi Xavi ekipo sestavljal danes, bi gotovo na\u0161el mesto tudi za Geertruido. Branilec se pri PSV mudi na posoji iz RB\u00a0Leipziga, v prej\u0161nji sezoni je igral tudi za Sunderland v Premier League, letos pa se ga je nekaj \u010dasa pogosto selilo tudi v Liverpool, Arsenal in Real Sociedad.\u00a0<\/p>\n<p>Xavi Hernandez bo na klopi Nizozemske debitiral \u017ee \u010dez slabe tri tedne, 24. septembra ob 20.45 na kultni Johan Cruijff Areni v Amsterdamu.<\/p>\n<p lang=\"en\" dir=\"ltr\">Netherlands national team manager Xavi Hern\u00e1ndez is in attendance for today&#8217;s Ajax vs PSV match! <a href=\"https:\/\/t.co\/U5Ps5sdeOm\" rel=\"nofollow\">pic.twitter.com\/U5Ps5sdeOm<\/a><\/p>\n<p>\u2014 CUPID FC (@CUPID_FC) <a href=\"https:\/\/x.com\/CUPID_FC\/status\/2096311766833652125?ref_src=twsrc%5Etfw\" rel=\"nofollow\">September 5, 2026<\/a> <\/p>\n<p>\u00a0<\/p>\n<p>\u00a0<\/p>\n<p>        <script async src=\"https:\/\/platform.twitter.com\/widgets.js\" charset=\"utf-8\"><\/script><\/p>\n","protected":false},"excerpt":{"rendered":"Xavi Hernandez (foto: Uradni Twitter profil kluba\/zveze) Nekdanji odli\u010dni vezist Xavi Hernandez se loteva dela na selektorski klopi&hellip;\n","protected":false},"author":2,"featured_media":217486,"comment_status":"","ping_status":"","sticky":false,"template":"","format":"standard","meta":{"footnotes":"","_share_on_mastodon":"0"},"categories":[12],"tags":[62,37,58,60,38,89,90],"class_list":["post-217485","post","type-post","status-publish","format-standard","has-post-thumbnail","category-tehnologija","tag-si","tag-slovene","tag-slovenia","tag-slovenija","tag-slovenscina","tag-technology","tag-tehnologija"],"share_on_mastodon":{"url":"https:\/\/pubeurope.com\/@si\/117223348752192087","error":""},"_links":{"self":[{"href":"https:\/\/www.europesays.com\/si\/wp-json\/wp\/v2\/posts\/217485","targetHints":{"allow":["GET"]}}],"collection":[{"href":"https:\/\/www.europesays.com\/si\/wp-json\/wp\/v2\/posts"}],"about":[{"href":"https:\/\/www.europesays.com\/si\/wp-json\/wp\/v2\/types\/post"}],"author":[{"embeddable":true,"href":"https:\/\/www.europesays.com\/si\/wp-json\/wp\/v2\/users\/2"}],"replies":[{"embeddable":true,"href":"https:\/\/www.europesays.com\/si\/wp-json\/wp\/v2\/comments?post=217485"}],"version-history":[{"count":0,"href":"https:\/\/www.europesays.com\/si\/wp-json\/wp\/v2\/posts\/217485\/revisions"}],"wp:featuredmedia":[{"embeddable":true,"href":"https:\/\/www.europesays.com\/si\/wp-json\/wp\/v2\/media\/217486"}],"wp:attachment":[{"href":"https:\/\/www.europesays.com\/si\/wp-json\/wp\/v2\/media?parent=217485"}],"wp:term":[{"taxonomy":"category","embeddable":true,"href":"https:\/\/www.europesays.com\/si\/wp-json\/wp\/v2\/categories?post=217485"},{"taxonomy":"post_tag","embeddable":true,"href":"https:\/\/www.europesays.com\/si\/wp-json\/wp\/v2\/tags?post=217485"}],"curies":[{"name":"wp","href":"https:\/\/api.w.org\/{rel}","templated":true}]}}