{"id":217503,"date":"2026-09-06T09:36:10","date_gmt":"2026-09-06T09:36:10","guid":{"rendered":"https:\/\/www.europesays.com\/si\/217503\/"},"modified":"2026-09-06T09:36:10","modified_gmt":"2026-09-06T09:36:10","slug":"tamar-svetlin-v-franciji-prvic-tudi-v-statistiki-slovenski-vezist-ob-zmagi-saint-etienna-vpisal-asistenco-zeleni-po-5-krogih-ostajajo-stoodstotni","status":"publish","type":"post","link":"https:\/\/www.europesays.com\/si\/217503\/","title":{"rendered":"Tamar Svetlin v Franciji prvi\u010d tudi v statistiki: Slovenski vezist ob zmagi Saint-Etienna vpisal asistenco, zeleni po 5 krogih ostajajo stoodstotni"},"content":{"rendered":"<p>&#13;<br \/>\n    &#13;<br \/>\n    Objavljeno        &#13;<br \/>\n            6. septembra 2026&#13;<br \/>\n            6. septembra 2026&#13;<br \/>\n        &#13;<br \/>\n    &#13;<br \/>\n&#13;<br \/>\n            &#13;<br \/>\n                    &#13;\n    <\/p>\n<p>        <img decoding=\"async\" src=\"https:\/\/www.europesays.com\/si\/wp-content\/uploads\/2026\/09\/tamar-svetlin.png\" alt=\"Tamar Svetlin v Franciji prvi\u010d tudi v statistiki: Slovenski vezist ob zmagi Saint-Etienna vpisal asistenco, zeleni po 5 krogih ostajajo stoodstotni\"\/><\/p>\n<p>            Vir fotografije: Saint-Etienne<\/p>\n<p>Nekdanji vezist Celja <a href=\"https:\/\/planetnogomet.si\/oznaka\/tamarsvetlin\/\" rel=\"nofollow noopener\" target=\"_blank\">Tamar Svetlin<\/a> se je po poletnem prestopu v Francijo prvi\u010d vpisal v statistiko pri svojem novem klubu. Njegov Saint-Etienne je v derbiju 5. kroga Ligue 2 pred napolnjenim in razgretim kultnim stadionom Geoffroy-Guichard (znanim kot Le Chaudron) premagal Montpellier s 3:1 ter s stoodstotnim izkupi\u010dkom ostaja trdno na vrhu prvenstvene lestvice.<\/p>\n<p>Tekma dveh kandidatov za uvrstitev v elitno Ligue 1 je ponudila izjemen nogomet z izjemnimi zadetki. Doma\u010de je v 41. minuti po predlo\u017eku Cardone z lepim volejem v vodstvo popeljal Maxime Bernauer, \u010deprav so pri gostih mo\u010dno protestirali zaradi predhodnega prekr\u0161ka. Ker v Ligue 2 ni sistema VAR, je zadetek obveljal. Takoj po odmoru so gostje sicer izena\u010dili, a je na sceno kmalu stopil ravno slovenski reprezentant.<\/p>\n<p>Svetlin, ki je odigral vseh 90 minut in bil eden klju\u010dnih mo\u017e na sredini igri\u0161\u010da, je v 50. minuti lepo zaposlil Augustineja Boakyeja, ta pa je z ve\u010d kot 25 metrov s strahovitim udarcem z levo nogo zadel levi zgornji kot za 2:1. Za Svetlina je bila to prva asistenca v dresu francoskega velikana. Kon\u010dni izid 3:1 je po bliskoviti akciji in podaji Cardone z mo\u010dnim strelom pod pre\u010dko postavil Joshua Duffus. Saint-Etienne tako po petih krogih ostaja popoln \u2013 pet tekem, pet zmag ter vsaki\u010d vsaj trije dose\u017eeni zadetki. (vm)<\/p>\n<p>\u00a0\n<\/p>\n<p class=\"ured\"><a href=\"http:\/\/planetnogomet.si\/cdn-cgi\/l\/email-protection#f29b9c949db2829e939c97869c9d959d9f9786dc819b\" rel=\"nofollow noopener\" target=\"_blank\">Avtor: Uredni\u0161tvo Planet nogomet<\/a><\/p>\n<p>            <a href=\"https:\/\/planetnogomet.si\/kategorija\/novice\/\" rel=\"nofollow noopener\" target=\"_blank\">Novice<\/a>\t<\/p>\n<p>\t<a href=\"https:\/\/planetnogomet.si\/oznaka\/francija\/\" rel=\"nofollow noopener\" target=\"_blank\">#francija<\/a>\t<\/p>\n<p>\t<a href=\"https:\/\/planetnogomet.si\/oznaka\/legionarji\/\" rel=\"nofollow noopener\" target=\"_blank\">#legionarji<\/a>\t<\/p>\n<p>\t<a href=\"https:\/\/planetnogomet.si\/oznaka\/saintetienne\/\" rel=\"nofollow noopener\" target=\"_blank\">#saintetienne<\/a>\t<\/p>\n<p>\t<a href=\"https:\/\/planetnogomet.si\/oznaka\/tamarsvetlin\/\" rel=\"nofollow noopener\" target=\"_blank\">#tamarsvetlin<\/a>\t<\/p>\n","protected":false},"excerpt":{"rendered":"&#13; &#13; Objavljeno &#13; 6. septembra 2026&#13; 6. septembra 2026&#13; &#13; &#13; &#13; &#13; &#13; Vir fotografije: Saint-Etienne&hellip;\n","protected":false},"author":2,"featured_media":217504,"comment_status":"","ping_status":"","sticky":false,"template":"","format":"standard","meta":{"footnotes":"","_share_on_mastodon":"0"},"categories":[12],"tags":[62,37,58,60,38,89,90],"class_list":["post-217503","post","type-post","status-publish","format-standard","has-post-thumbnail","category-tehnologija","tag-si","tag-slovene","tag-slovenia","tag-slovenija","tag-slovenscina","tag-technology","tag-tehnologija"],"share_on_mastodon":{"url":"https:\/\/pubeurope.com\/@si\/117223423157036919","error":""},"_links":{"self":[{"href":"https:\/\/www.europesays.com\/si\/wp-json\/wp\/v2\/posts\/217503","targetHints":{"allow":["GET"]}}],"collection":[{"href":"https:\/\/www.europesays.com\/si\/wp-json\/wp\/v2\/posts"}],"about":[{"href":"https:\/\/www.europesays.com\/si\/wp-json\/wp\/v2\/types\/post"}],"author":[{"embeddable":true,"href":"https:\/\/www.europesays.com\/si\/wp-json\/wp\/v2\/users\/2"}],"replies":[{"embeddable":true,"href":"https:\/\/www.europesays.com\/si\/wp-json\/wp\/v2\/comments?post=217503"}],"version-history":[{"count":0,"href":"https:\/\/www.europesays.com\/si\/wp-json\/wp\/v2\/posts\/217503\/revisions"}],"wp:featuredmedia":[{"embeddable":true,"href":"https:\/\/www.europesays.com\/si\/wp-json\/wp\/v2\/media\/217504"}],"wp:attachment":[{"href":"https:\/\/www.europesays.com\/si\/wp-json\/wp\/v2\/media?parent=217503"}],"wp:term":[{"taxonomy":"category","embeddable":true,"href":"https:\/\/www.europesays.com\/si\/wp-json\/wp\/v2\/categories?post=217503"},{"taxonomy":"post_tag","embeddable":true,"href":"https:\/\/www.europesays.com\/si\/wp-json\/wp\/v2\/tags?post=217503"}],"curies":[{"name":"wp","href":"https:\/\/api.w.org\/{rel}","templated":true}]}}