{"id":217533,"date":"2026-09-06T10:17:10","date_gmt":"2026-09-06T10:17:10","guid":{"rendered":"https:\/\/www.europesays.com\/si\/217533\/"},"modified":"2026-09-06T10:17:10","modified_gmt":"2026-09-06T10:17:10","slug":"televizijska-voditeljica-iz-egipta-zaradi-preprodaje-drog-obsojena-na-smrt","status":"publish","type":"post","link":"https:\/\/www.europesays.com\/si\/217533\/","title":{"rendered":"Televizijska voditeljica iz Egipta zaradi preprodaje drog obsojena na smrt"},"content":{"rendered":"<p>Sodi\u0161\u010de v Egiptu je v velikem in odmevnem sojenju znano televizijsko voditeljico Sarah Khalifa in 11 drugih obsodilo na smrt zaradi proizvodnje in preprodaje mamil. 39-letna Khalifa je obto\u017eena organiziranja kriminalne zdru\u017ebe, ki je proizvajala in prodajala droge, poro\u010da The Guardian.<\/p>\n<p>Khalifa je najbolj znana po svoji oddaji &#8220;Misija nemogo\u010de&#8221;, ki je predstavljala varnost in kriminal. Poleg televizijske kariere je lastnica klinike za kozmeti\u010dno kirurgijo in podjetja za produkcijo dogodkov.<\/p>\n<p>Obsojena na smrtno kazen z obe\u0161anjem<\/p>\n<p>Sodi\u0161\u010de v Kairu je 12 obto\u017eencev, vklju\u010dno s\u00a0Khalifo,\u00a0spoznalo za krive ustanovitve organizirane kriminalne zdru\u017ebe. Kot pi\u0161e v razsodbi, je skupina nabavljala surovine za proizvodnjo drog za prodajo in posedovala neregistrirano strelno oro\u017eje in strelivo.<\/p>\n<p>Razsodba, ki je odredila smrtno kazen z obe\u0161anjem, je bila izdana po obveznem posvetovanju z egiptovskim velikim muftijem, kar je postopek, ki ga zakon zahteva v primerih smrtne kazni. Na sodbo se je mogo\u010de prito\u017eiti.<\/p>\n<p>Dr\u017eavni \u010dasopis Akhbar el-Yom je poro\u010dal, da so obto\u017eeni proizvajali sinteti\u010dne droge in uva\u017eali surovine iz tujine. Oblasti so zasegle ve\u010d kot 750 kilogramov drog in surovin, poro\u010da Al-Ahram. Preiskava je odkrila tudi dve stanovanji, ki sta bili uporabljeni kot laboratoriji, ter neregistrirano oro\u017eje in strelivo.<\/p>\n<p>Kaj veleva\u00a0zakonodaja?\u00a0<\/p>\n<p>Leta je sodi\u0161\u010de v lo\u010denem sojenju Khalifo in druge obsodilo na pet let zapora zaradi ugrabitve in napada na mladega mo\u0161kega.<\/p>\n<p>Zakonodaja predvideva smrtno kazen za naklepni umor, terorizem,\u00a0kazniva dejanja posilstva in preprodajo drog. Po podatkih Egiptovske komisije za pravice in svobo\u0161\u010dine je bilo leta 2025 v dr\u017eavi izre\u010denih 541 smrtnih kazni.<\/p>\n","protected":false},"excerpt":{"rendered":"Sodi\u0161\u010de v Egiptu je v velikem in odmevnem sojenju znano televizijsko voditeljico Sarah Khalifa in 11 drugih obsodilo&hellip;\n","protected":false},"author":2,"featured_media":217534,"comment_status":"","ping_status":"","sticky":false,"template":"","format":"standard","meta":{"footnotes":"","_share_on_mastodon":"0"},"categories":[20],"tags":[32,112,35,31,34,9915,36,37,38,584,33,856],"class_list":["post-217533","post","type-post","status-publish","format-standard","has-post-thumbnail","category-novice","tag-headlines","tag-kazen","tag-najpomembnejse-novice","tag-news","tag-novice","tag-obsodba","tag-osrednje-novice","tag-slovene","tag-slovenscina","tag-smrt","tag-top-stories","tag-voditeljica"],"share_on_mastodon":{"url":"https:\/\/pubeurope.com\/@si\/117223584426389034","error":""},"_links":{"self":[{"href":"https:\/\/www.europesays.com\/si\/wp-json\/wp\/v2\/posts\/217533","targetHints":{"allow":["GET"]}}],"collection":[{"href":"https:\/\/www.europesays.com\/si\/wp-json\/wp\/v2\/posts"}],"about":[{"href":"https:\/\/www.europesays.com\/si\/wp-json\/wp\/v2\/types\/post"}],"author":[{"embeddable":true,"href":"https:\/\/www.europesays.com\/si\/wp-json\/wp\/v2\/users\/2"}],"replies":[{"embeddable":true,"href":"https:\/\/www.europesays.com\/si\/wp-json\/wp\/v2\/comments?post=217533"}],"version-history":[{"count":0,"href":"https:\/\/www.europesays.com\/si\/wp-json\/wp\/v2\/posts\/217533\/revisions"}],"wp:featuredmedia":[{"embeddable":true,"href":"https:\/\/www.europesays.com\/si\/wp-json\/wp\/v2\/media\/217534"}],"wp:attachment":[{"href":"https:\/\/www.europesays.com\/si\/wp-json\/wp\/v2\/media?parent=217533"}],"wp:term":[{"taxonomy":"category","embeddable":true,"href":"https:\/\/www.europesays.com\/si\/wp-json\/wp\/v2\/categories?post=217533"},{"taxonomy":"post_tag","embeddable":true,"href":"https:\/\/www.europesays.com\/si\/wp-json\/wp\/v2\/tags?post=217533"}],"curies":[{"name":"wp","href":"https:\/\/api.w.org\/{rel}","templated":true}]}}