{"id":217561,"date":"2026-09-06T10:53:11","date_gmt":"2026-09-06T10:53:11","guid":{"rendered":"https:\/\/www.europesays.com\/si\/217561\/"},"modified":"2026-09-06T10:53:11","modified_gmt":"2026-09-06T10:53:11","slug":"peklenska-vrocina-primorala-organizatorje-k-skrajsanju-etape","status":"publish","type":"post","link":"https:\/\/www.europesays.com\/si\/217561\/","title":{"rendered":"Peklenska vro\u010dina primorala organizatorje k skraj\u0161anju etape"},"content":{"rendered":"<p>Za ogled potrebujemo tvojo privolitev za vstavljanje vsebin dru\u017ebenih omre\u017eij in tretjih ponudnikov.<br \/>\nOmogo\u010di pi\u0161kotke<\/p>\n<p>Kolesarji bodo na nedeljski prevozili 110 kilometrov, po oprvotnem na\u010drtu pa bi jih morali \u0161e 80 ve\u010d. \u0160tevilo vi\u0161inskih metrov se posledi\u010dno zmanj\u0161a s 2850 na 1300 metrov. Najve\u010d se jih bo nabralo na dveh klancih tretje kategorije. Prvi je Puerto de la Forestal na tretjini etape, zadnji pa Puerto Artafi (5,9 km; 5,6 %). Od vrha Artafija je do cilja \u0161e 37 kilometrov.<\/p>\n<p>Za ogled potrebujemo tvojo privolitev za vstavljanje vsebin dru\u017ebenih omre\u017eij in tretjih ponudnikov.<br \/>\nOmogo\u010di pi\u0161kotke<\/p>\n<p>Spomnimo, dan prej Primo\u017e Rogli\u010d v skupini favoritov na koncu ni mogel slediti vodilnemu \u0160pancu Enricu Masu in Avstrijcu Felixu Gallu, proti njima je izgubil nekaj novih sekund, Avstrijcu pa je moral celo predati drugo mesto. V etapi je kolesar ekipe Red Bull-Bora hansgrohe zasedel 24. mesto, v skupnem se\u0161tevku pa zdaj za vodilnim Masom zaostaja dve minuti in deset sekund, za Gallom pa \u0161tiri sekunde.\u017e<\/p>\n<p><img loading=\"lazy\" decoding=\"async\" alt=\"Primo\u017e Rogli\u010d\" src=\"https:\/\/www.europesays.com\/si\/wp-content\/uploads\/2026\/09\/233138a2d098f26e06b8_63642888.jpg.webp\" class=\"w-full\" width=\"608\" height=\"405\"\/>Primo\u017e Rogli\u010dFOTO: Profimedia<\/p>\n<p>Drugi slovenski predstavnik v prvi deseterici skupnega se\u0161tevka, Jakob Omrzel, je iz skupine favoritov odpadel \u017ee nekoliko prej kot Rogli\u010d, za rojakom je zaostal 50 sekund, v skupnem se\u0161tevku pa ostal na \u0161estem mestu. V cilj je pri\u0161el takoj za Britancem Oscarjem Onleyjem, ki ima v razvrstitvi mladih kolesarjev pred njim \u0161e vedno pol minute prednosti.<\/p>\n<p>Zaradi skraj\u0161anja je v 15. etapi mo\u010d pri\u010dakovati \u0161tevilne napade ube\u017enikov, medtem ko utegnejo favoriti za skupni se\u0161tevek pred zadnjim prostim ponedeljkom var\u010devati mo\u010di.<\/p>\n<p>Za ogled potrebujemo tvojo privolitev za vstavljanje vsebin dru\u017ebenih omre\u017eij in tretjih ponudnikov.<br \/>\nOmogo\u010di pi\u0161kotke<\/p>\n","protected":false},"excerpt":{"rendered":"Za ogled potrebujemo tvojo privolitev za vstavljanje vsebin dru\u017ebenih omre\u017eij in tretjih ponudnikov. Omogo\u010di pi\u0161kotke Kolesarji bodo na&hellip;\n","protected":false},"author":2,"featured_media":217562,"comment_status":"","ping_status":"","sticky":false,"template":"","format":"standard","meta":{"footnotes":"","_share_on_mastodon":"0"},"categories":[20],"tags":[32,35,31,34,36,37,38,33],"class_list":["post-217561","post","type-post","status-publish","format-standard","has-post-thumbnail","category-novice","tag-headlines","tag-najpomembnejse-novice","tag-news","tag-novice","tag-osrednje-novice","tag-slovene","tag-slovenscina","tag-top-stories"],"share_on_mastodon":{"url":"https:\/\/pubeurope.com\/@si\/117223725717270473","error":""},"_links":{"self":[{"href":"https:\/\/www.europesays.com\/si\/wp-json\/wp\/v2\/posts\/217561","targetHints":{"allow":["GET"]}}],"collection":[{"href":"https:\/\/www.europesays.com\/si\/wp-json\/wp\/v2\/posts"}],"about":[{"href":"https:\/\/www.europesays.com\/si\/wp-json\/wp\/v2\/types\/post"}],"author":[{"embeddable":true,"href":"https:\/\/www.europesays.com\/si\/wp-json\/wp\/v2\/users\/2"}],"replies":[{"embeddable":true,"href":"https:\/\/www.europesays.com\/si\/wp-json\/wp\/v2\/comments?post=217561"}],"version-history":[{"count":0,"href":"https:\/\/www.europesays.com\/si\/wp-json\/wp\/v2\/posts\/217561\/revisions"}],"wp:featuredmedia":[{"embeddable":true,"href":"https:\/\/www.europesays.com\/si\/wp-json\/wp\/v2\/media\/217562"}],"wp:attachment":[{"href":"https:\/\/www.europesays.com\/si\/wp-json\/wp\/v2\/media?parent=217561"}],"wp:term":[{"taxonomy":"category","embeddable":true,"href":"https:\/\/www.europesays.com\/si\/wp-json\/wp\/v2\/categories?post=217561"},{"taxonomy":"post_tag","embeddable":true,"href":"https:\/\/www.europesays.com\/si\/wp-json\/wp\/v2\/tags?post=217561"}],"curies":[{"name":"wp","href":"https:\/\/api.w.org\/{rel}","templated":true}]}}