{"id":217575,"date":"2026-09-06T11:11:08","date_gmt":"2026-09-06T11:11:08","guid":{"rendered":"https:\/\/www.europesays.com\/si\/217575\/"},"modified":"2026-09-06T11:11:08","modified_gmt":"2026-09-06T11:11:08","slug":"deaktivacija-bombe-pri-radovljici-moznosti-za-uspeh-le-50-odstotne","status":"publish","type":"post","link":"https:\/\/www.europesays.com\/si\/217575\/","title":{"rendered":"Deaktivacija bombe pri Radovljici, mo\u017enosti za uspeh le 50-odstotne"},"content":{"rendered":"<p>Ekipa Dr\u017eavne enote za varstvo pred neeksplodiranimi ubojnimi sredstvi (NUS) bo danes pri kraju Globoko v radovlji\u0161ki ob\u010dini odstranila letalsko bombo, ki so jo prej\u0161nji teden na\u0161li pri urejanju struge Save.<\/p>\n<p>Zaradi nevarnosti eksplozije bo v \u010dasu intervencije potreben umik ljudi z obmo\u010dja oziroma umik v zaprte prostore.<\/p>\n<p>Kot so sporo\u010dili z Ob\u010dine Radovljica, odstranitev bombe predstavlja nevarnost eksplozije, ki bi imela vpliv in posledice na \u0161ir\u0161o okolico in prebivalce. Zato je na podlagi ocene ogro\u017eenosti poveljnik civilne za\u0161\u010dite ob\u010dine Radovljica Janez Koselj za \u010das odstranitve bombe sprejel varnostni ukrep o evakuaciji in zaklanjanju.<\/p>\n<p>Pripadniki policije, medob\u010dinskega redarstva, gasilcev in civilne za\u0161\u010dite bodo ob 7. uri za\u010deli pregled obmo\u010dja in zapiranje dostopov. Od 9. ure gibanje in promet na varovanem obmo\u010dju ne bosta ve\u010d mogo\u010da.<\/p>\n<p>Na obmo\u010dju evakuacije, ki obsega 400-metrski pas od najdi\u0161\u010da bombe, ni stanovanjskih stavb. Prebivalce in druge naklju\u010dno prisotne pozivajo, naj najkasneje do 9. ure zapustijo obmo\u010dje znotraj cone evakuacije in s tega obmo\u010dja odstranijo tudi svoja vozila in kmetijsko mehanizacijo ter poskrbijo za za\u0161\u010dito \u017eivali.<\/p>\n<p>Prebivalci ne smejo na prosto, zapreti je treba okna in vrata<\/p>\n<p>V drugem pasu, v radiju od 400 in 600 metrov, so deli naselij Globoko, Mi\u0161a\u010de in Dobro Polje. V \u010dasu odstranjevanja bombe je na tem obmo\u010dju prepovedano zadr\u017eevanje na prostem. Prebivalci lahko ostanejo v svojih domovih v zaprtih prostorih, vendar jih v \u010dasu intervencije ne smejo zapustiti. Poleg tega morajo zapreti vrata in okna.<\/p>\n<p>Znak za za\u010detek intervencije bodo dala gasilska vozila s sirenami iz gasilskih vozil in obvestilom, da se intervencija za\u010denja. Na enak na\u010din se bo izvedel tudi znak za konec intervencije s sporo\u010danjem, da je intervencija zaklju\u010dena in gibanje ni ve\u010d omejeno.<\/p>\n<p>V \u010dasu intervencije od 9. do predvidoma 13. ure bo v radiju 600 metrov od najdene bombe pod \u017eelezni\u0161kim mostom Globoko veljala tudi popolna zapora cest, poti, \u017eeleznice in reke Save.<\/p>\n<p>Poveljnik Dr\u017eavne enote za varstvo pred NUS Darko Zonji\u010d je pojasnil, da bodo 250-kilogramsko bombo predvidoma ob 9. uri, ko bosta kon\u010dani evakuacija in priprava na zaklanjanje, naprej prestavili z levega brega Save na desnega, kjer so pripravili utrjen za\u0161\u010ditni objekt za deaktivacijo bombe. S tem bodo udarni val v primeru eksplozije zmanj\u0161ali s 1200 na 400 metrov ter ga usmerili v breg in stran od mostu.<\/p>\n<p>Ameri\u0161ka bomba iz \u010dasa druge svetovne vojne ima dva mehanska v\u017eigalnika, pri \u010demer je eden od njiju po\u0161kodovan, zato so pripravili orodje za poskus njegove odstranitve. Mo\u017enosti za uspe\u0161no deaktivacijo Zonji\u010d ocenjuje na 50 odstotkov. \u010ce deaktivacija ne bo uspe\u0161na, bodo bombo prerezali in spro\u017eili v\u017eigalnika. Polnilo bombe bi se lahko v\u017egalo ali pa bi pri\u0161lo do eksplozije.<\/p>\n<p>Fotografija je simboli\u010dna.\u00a0<\/p>\n<p>dezurni@styria-media.si<\/p>\n","protected":false},"excerpt":{"rendered":"Ekipa Dr\u017eavne enote za varstvo pred neeksplodiranimi ubojnimi sredstvi (NUS) bo danes pri kraju Globoko v radovlji\u0161ki ob\u010dini&hellip;\n","protected":false},"author":2,"featured_media":217576,"comment_status":"","ping_status":"","sticky":false,"template":"","format":"standard","meta":{"footnotes":"","_share_on_mastodon":"0"},"categories":[20],"tags":[2653,15871,32,35,31,34,36,10818,2284,37,38,33],"class_list":["post-217575","post","type-post","status-publish","format-standard","has-post-thumbnail","category-novice","tag-bomba","tag-deaktivacija","tag-headlines","tag-najpomembnejse-novice","tag-news","tag-novice","tag-osrednje-novice","tag-radovljica","tag-sava","tag-slovene","tag-slovenscina","tag-top-stories"],"share_on_mastodon":{"url":"https:\/\/pubeurope.com\/@si\/117223796585626569","error":""},"_links":{"self":[{"href":"https:\/\/www.europesays.com\/si\/wp-json\/wp\/v2\/posts\/217575","targetHints":{"allow":["GET"]}}],"collection":[{"href":"https:\/\/www.europesays.com\/si\/wp-json\/wp\/v2\/posts"}],"about":[{"href":"https:\/\/www.europesays.com\/si\/wp-json\/wp\/v2\/types\/post"}],"author":[{"embeddable":true,"href":"https:\/\/www.europesays.com\/si\/wp-json\/wp\/v2\/users\/2"}],"replies":[{"embeddable":true,"href":"https:\/\/www.europesays.com\/si\/wp-json\/wp\/v2\/comments?post=217575"}],"version-history":[{"count":0,"href":"https:\/\/www.europesays.com\/si\/wp-json\/wp\/v2\/posts\/217575\/revisions"}],"wp:featuredmedia":[{"embeddable":true,"href":"https:\/\/www.europesays.com\/si\/wp-json\/wp\/v2\/media\/217576"}],"wp:attachment":[{"href":"https:\/\/www.europesays.com\/si\/wp-json\/wp\/v2\/media?parent=217575"}],"wp:term":[{"taxonomy":"category","embeddable":true,"href":"https:\/\/www.europesays.com\/si\/wp-json\/wp\/v2\/categories?post=217575"},{"taxonomy":"post_tag","embeddable":true,"href":"https:\/\/www.europesays.com\/si\/wp-json\/wp\/v2\/tags?post=217575"}],"curies":[{"name":"wp","href":"https:\/\/api.w.org\/{rel}","templated":true}]}}