{"id":217591,"date":"2026-09-06T11:29:12","date_gmt":"2026-09-06T11:29:12","guid":{"rendered":"https:\/\/www.europesays.com\/si\/217591\/"},"modified":"2026-09-06T11:29:12","modified_gmt":"2026-09-06T11:29:12","slug":"janja-garnbret-se-je-resila-srcnega-infarkta","status":"publish","type":"post","link":"https:\/\/www.europesays.com\/si\/217591\/","title":{"rendered":"Janja Garnbret se je re\u0161ila &#8220;sr\u010dnega infarkta&#8221;"},"content":{"rendered":"<p>\t\t\t\t\t\t\t\t<a href=\"https:\/\/www.europesays.com\/si\/wp-content\/uploads\/2026\/09\/67095153.jpg\" itemprop=\"contentUrl\" data-size=\"1200x800\" data-large=\"https:\/\/www.europesays.com\/si\/wp-content\/uploads\/2026\/09\/67095153.jpg\"><br \/>\n\t\t\t\t\t\t\t\t\t<img decoding=\"async\" src=\"https:\/\/www.europesays.com\/si\/wp-content\/uploads\/2026\/09\/67095153.jpg\" title=\"Z Janjo Garnbret (vi\u0161ina 42+) sta na odru stali tudi Ameri\u010danka Brooke Raboutou, ki si je z vi\u0161ino 33 priplezala drugo mesto, in Korejka Chaehyun Seo, ki je z vi\u0161ino 32+ osvojila tretje mesto. Foto: www.alesfevzer.com\" alt=\"Z Janjo Garnbret (vi\u0161ina 42+) sta na odru stali tudi Ameri\u010danka Brooke Raboutou, ki si je z vi\u0161ino 33 priplezala drugo mesto, in Korejka Chaehyun Seo, ki je z vi\u0161ino 32+ osvojila tretje mesto. Foto: www.alesfevzer.com\"\/><br \/>\n\t\t\t\t\t\t\t\t<\/a><\/p>\n<p>\t\t\t\t\t\t\t\t\tZ Janjo Garnbret (vi\u0161ina 42+) sta na odru stali tudi Ameri\u010danka Brooke Raboutou, ki si je z vi\u0161ino 33 priplezala drugo mesto, in Korejka Chaehyun Seo, ki je z vi\u0161ino 32+ osvojila tretje mesto. Foto: www.alesfevzer.com<\/p>\n<p>\t\t\t\t\t\t\t<a id=\"preferredSourceBanner\" href=\"https:\/\/www.rtvslo.si\/sport\/preostali-sporti\/janja-garnbret-se-je-resila-srcnega-infarkta\/javascript:void(0)\" target=\"_blank\" class=\"d-none align-items-center justify-content-between rounded my-3\" style=\"padding: 10px 15px;\" rel=\"nofollow noopener\"><br \/>\n\t\t\t\t\t\t<img decoding=\"async\" src=\"https:\/\/img.rtvslo.si\/_static\/novi\/img\/ico-google.svg\" class=\"flex-shrink-0 mr-3\" aria-hidden=\"true\"\/><br \/>\n\t\t\t\t\t\tSpremljajte RTVSLO.si kot prednostni vir na Google<\/p>\n<p>\t\t\t\t\t<\/a><\/p>\n<p>Plezalni spektakel v Kopru ob 30-letnici prirejanja tekem svetovne serije v Sloveniji (prvih 25 let v Kranju, zadnjih pet let v Kopru) je v vseh pogledih uspel. V dveh dneh je za plezalce v Kopru navijalo okoli 8000 gledalcev, najbolj jih je seveda navdu\u0161ila Janja Garnbret, ki je slavila svojo 51. zmago v svetovni seriji. Njeno plezanje v finalu je bilo nekaj posebnega, strokovna javnost se strinja, da je bil to eden najbolj\u0161ih finalov v zgodovini. Smer je bila zelo zahtevna, sploh v zanki, v kateri so tekmovalke potrebovale panterski skok, da so se obdr\u017eale v steni. Poleg tega so bili oprimki vla\u017eni.<\/p>\n<p>Oglas<\/p>\n<p>\t\t\t\t\t\t\t\t\t<a href=\"https:\/\/www.rtvslo.si\/n\/792922\" class=\"image-link image-heading image-container container-16-9\" data-large=\"https:\/\/img.rtvcdn.si\/_up\/upload\/2026\/09\/05\/67094653.jpg\" rel=\"nofollow noopener\" target=\"_blank\"><br \/>\n\t\t\t\t\t\t\t\t\t\t<img decoding=\"async\" src=\"https:\/\/www.europesays.com\/si\/wp-content\/uploads\/2026\/09\/67094653_thumb.jpg\" class=\"image-preview\"\/><br \/>\n\t\t\t\t\t\t\t\t\t<\/a><\/p>\n<p>\t\t\t\t\t\t\t\t\t\tSorodna novica<br \/>\n\t\t\t\t\t\t\t\t\t\t<a href=\"https:\/\/www.rtvslo.si\/n\/792922\" rel=\"nofollow noopener\" target=\"_blank\">Janja Garnbret znova navdu\u0161ila \u0161tevilne navija\u010de v Kopru<\/a><\/p>\n<p>&#8220;Danes sem si \u017eelela do konca in Koro\u0161ica, ki je v meni, ni spustila. Res sem bila trmasta, moram re\u010di, da sem smer odplezala tako, kot sem si zamislila, sicer sem vmes sama sebi dala en mali sr\u010dni infarkt, vendar sem se iz tega re\u0161ila. Danes je bilo izjemno vla\u017eno in sem se bolj borila s tem, da ostanem na steni, kot plezala smer. Seveda pa me je podpora ljudi vseskozi dr\u017eala na steni. \u017de od kvalifikacij sem bila umirjena, zadovoljna sama s sabo. Ob\u010dinstvo je bilo fantasti\u010dno, vsako leto mi je super nastopati tu, ker so tu moji prijatelji in dru\u017eina. Ne vem, ali je bila himna kdaj tako glasna.&#8221;<\/p>\n<p>Na 32. oprimku se je dvakratna olimpijska zmagovalka mojstrsko re\u0161ila. Selektor Gorazd Hren: &#8220;Janja je izjemno odplezala, res pa nas je prestra\u0161ila na tistem gibu, ki je odlo\u010dal o stopni\u010dkah. Mislim, da se je prav zaradi doma\u010de tekme in doma\u010dega ob\u010dinstva ujela, nadaljevala in nato zase, za nas in za navija\u010de odplezala zadnji del z zadnjimi mo\u010dmi. Mislim, da je bila to izjemna predstava, bil je lep ve\u010der in lep praznik \u0161portnega plezanja.&#8221;<\/p>\n<p>Janjo Garnbret \u010daka konec oktobra \u0161e tekma v Santiagu: &#8220;V Ju\u017eni Ameriki \u0161e nisem bila in ne vem, kak\u0161na je plezalna scena tam. Vesela sem, da grem tja in da lahko poka\u017eem svojo strast in raz\u0161irim to ljubezen med druge ljudi.&#8221;<\/p>\n<p>\t\t\t\t\t\t\t\t<a href=\"https:\/\/www.europesays.com\/si\/wp-content\/uploads\/2026\/09\/67095154.jpg\" itemprop=\"contentUrl\" data-size=\"1200x800\" data-large=\"https:\/\/www.europesays.com\/si\/wp-content\/uploads\/2026\/09\/67095154.jpg\"><br \/>\n\t\t\t\t\t\t\t\t\t<img decoding=\"async\" src=\"https:\/\/www.europesays.com\/si\/wp-content\/uploads\/2026\/09\/67095154.jpg\" title=\"Med gledalci je bila tudi Ilka \u0160tuhec. Foto: www.alesfevzer.com\" alt=\"Med gledalci je bila tudi Ilka \u0160tuhec. Foto: www.alesfevzer.com\"\/><br \/>\n\t\t\t\t\t\t\t\t<\/a><\/p>\n<p>\t\t\t\t\t\t\t\t\tMed gledalci je bila tudi Ilka \u0160tuhec. Foto: www.alesfevzer.com<\/p>\n<p>Rosa Rekar pri\u010dakovala ve\u010d<br \/>Druga slovenska finalistka Rosa Rekar je osvojila peto mesto in priznala, da si je \u017eelela ve\u010d. &#8220;Na \u017ealost danes nisem bila najbolj zadovoljna s svojim plezanjem. Bila sem kar \u017eiv\u010dna, predvsem zaradi prvega dela smeri, kjer je bilo treba sko\u010diti. V tak\u0161ne gibe grem kdaj malo prestra\u0161ena. \u010ce bi \u0161la bolj samozavestno, bi lahko tudi malo bolj na polno plezala naprej. Sem bila pa izjemno navdu\u0161ena nad energijo navija\u010dev, so bili kar glasni. Vzdu\u0161je v Kopru je vsako leto super, meni je ob\u010dinstvo danes vsekakor pomagalo.&#8221;<\/p>\n<p>Na koprski tekmi v te\u017eavnosti se je tokrat pomerilo 147 \u0161portnih plezalk in plezalcev iz 36 dr\u017eav. Med mo\u0161kimi Slovenija ni imela svojega predstavnika v finalu.<\/p>\n<p>\t\t\t\tFinalni nastop Janje Garnbret v Kopru<\/p>\n<p>\t\t\t\tPogovor z Janjo Garnbret po zmagi v Kopru<\/p>\n<p>Oglas<\/p>\n","protected":false},"excerpt":{"rendered":"Z Janjo Garnbret (vi\u0161ina 42+) sta na odru stali tudi Ameri\u010danka Brooke Raboutou, ki si je z vi\u0161ino&hellip;\n","protected":false},"author":2,"featured_media":217592,"comment_status":"","ping_status":"","sticky":false,"template":"","format":"standard","meta":{"footnotes":"","_share_on_mastodon":"0"},"categories":[20],"tags":[53007,32,4905,35,31,34,36,21522,37,38,5678,33],"class_list":["post-217591","post","type-post","status-publish","format-standard","has-post-thumbnail","category-novice","tag-51-zmaga","tag-headlines","tag-janja-garnbret","tag-najpomembnejse-novice","tag-news","tag-novice","tag-osrednje-novice","tag-rosa-rekar","tag-slovene","tag-slovenscina","tag-sportno-plezanje","tag-top-stories"],"share_on_mastodon":{"url":"https:\/\/pubeurope.com\/@si\/117223867582630516","error":""},"_links":{"self":[{"href":"https:\/\/www.europesays.com\/si\/wp-json\/wp\/v2\/posts\/217591","targetHints":{"allow":["GET"]}}],"collection":[{"href":"https:\/\/www.europesays.com\/si\/wp-json\/wp\/v2\/posts"}],"about":[{"href":"https:\/\/www.europesays.com\/si\/wp-json\/wp\/v2\/types\/post"}],"author":[{"embeddable":true,"href":"https:\/\/www.europesays.com\/si\/wp-json\/wp\/v2\/users\/2"}],"replies":[{"embeddable":true,"href":"https:\/\/www.europesays.com\/si\/wp-json\/wp\/v2\/comments?post=217591"}],"version-history":[{"count":0,"href":"https:\/\/www.europesays.com\/si\/wp-json\/wp\/v2\/posts\/217591\/revisions"}],"wp:featuredmedia":[{"embeddable":true,"href":"https:\/\/www.europesays.com\/si\/wp-json\/wp\/v2\/media\/217592"}],"wp:attachment":[{"href":"https:\/\/www.europesays.com\/si\/wp-json\/wp\/v2\/media?parent=217591"}],"wp:term":[{"taxonomy":"category","embeddable":true,"href":"https:\/\/www.europesays.com\/si\/wp-json\/wp\/v2\/categories?post=217591"},{"taxonomy":"post_tag","embeddable":true,"href":"https:\/\/www.europesays.com\/si\/wp-json\/wp\/v2\/tags?post=217591"}],"curies":[{"name":"wp","href":"https:\/\/api.w.org\/{rel}","templated":true}]}}