{"id":217601,"date":"2026-09-06T11:45:10","date_gmt":"2026-09-06T11:45:10","guid":{"rendered":"https:\/\/www.europesays.com\/si\/217601\/"},"modified":"2026-09-06T11:45:10","modified_gmt":"2026-09-06T11:45:10","slug":"silovit-pozar-zajel-bih-dim-vse-do-dalmacije-prebivalci-mnozicno-klicali-na-pomoc","status":"publish","type":"post","link":"https:\/\/www.europesays.com\/si\/217601\/","title":{"rendered":"Silovit po\u017ear zajel BiH, dim vse do Dalmacije: prebivalci mno\u017ei\u010dno klicali na pomo\u010d"},"content":{"rendered":"<p>Na obmo\u010dju Biha\u0107a, Kalesije, Drvarja in ob\u010dine Prozor-Rama v BiH danes divjajo gozdni po\u017eari. Pri ga\u0161enju katerih sodelujejo letala za ga\u0161enje, voja\u0161ki helikopterji in vojska. Gost dim se je raz\u0161iril vse do Dalmacije v sosednji Hrva\u0161ki ter vznemiril tamkaj\u0161nje prebivalce, poro\u010dajo mediji v regiji. O po\u017earih poro\u010dajo tudi iz \u010crne gore.<\/p>\n<p>Z obrambnega ministrstva Bosne in Hercegovine so danes sporo\u010dili, da na omenjenih obmo\u010djih v Federaciji BiH pri ga\u0161enju po\u017earov pomagajo tudi voja\u0161ki helikopterji. Na obmo\u010dju Biha\u0107a na skrajnem severozahodu dr\u017eave gasilcem pri ga\u0161enju pomaga tudi 30 pripadnikov vojske.<\/p>\n<p dir=\"ltr\" lang=\"und\">SUVA PLANINA<\/p>\n<p>Po\u017ear se vidi iz Leskovca, Ni\u0161a, Prokuplja, sa autoputa.<\/p>\n<p>Ilju\u0161in je gasio osam puta danas, dva puta je proma\u0161io zbog vetra i gustog dima.<\/p>\n<p>Stanje je lo\u0161ije nego ju\u010de.<a href=\"https:\/\/x.com\/hashtag\/Ju%C5%BEnaSrbija?src=hash&amp;ref_src=twsrc%5Etfw\" rel=\"nofollow\">#Ju\u017enaSrbija<\/a> <a href=\"https:\/\/t.co\/C2kHjXPoKP\" rel=\"nofollow\">pic.twitter.com\/C2kHjXPoKP<\/a><\/p>\n<p>\u2014 Shad \ud83c\uddf7\ud83c\uddf8\ud83c\uddea\ud83c\uddfa (@Yuanquan011) <a href=\"https:\/\/x.com\/Yuanquan011\/status\/2096377789431582792?ref_src=twsrc%5Etfw\" rel=\"nofollow\">September 5, 2026<\/a><\/p>\n<p>Z obmo\u010dja ob\u010dine Prozor-Rama poro\u010dajo o obse\u017enem po\u017earu na planini Radu\u0161a, ki se \u0161iri proti naseljem Proslap, Kozo in Ora\u0161ac. Mediji BiH poro\u010dajo o \u0161tevilnih manj\u0161ih po\u017earih v naravi tudi drugod po dr\u017eavi, med drugim tudi na obmo\u010dju Konjica na jugu, kjer ga\u0161enje ovira mo\u010dan veter. Hrva\u0161ka vlada je danes na pomo\u010d BiH pri ga\u0161enju poslala dva kanaderja hrva\u0161ke vojske, poro\u010da hrva\u0161ka tiskovna agencija Hina.<\/p>\n<p dir=\"ltr\" lang=\"und\">\ud83d\udccdU\u017eivo sa terena, gori Suva planina.<\/p>\n<p>Po\u017ear se \u0161iri ka Gad\u017einom Hanu, izgorele su velike \u0161umske povr\u0161ine, za sada nema izgorelih objekata. Prema informacijama iz medija, vatru od danas gase i 3 helikoptera MUP-a, pored aviona Ilju\u0161in koji je i proteklih dana gasio po\u017ear. U\u2026 <a href=\"https:\/\/t.co\/MUGwoYWYBV\" rel=\"nofollow\">pic.twitter.com\/MUGwoYWYBV<\/a><\/p>\n<p>\u2014 Kreni-Promeni (@KPromeni) <a href=\"https:\/\/x.com\/KPromeni\/status\/2096549326147215847?ref_src=twsrc%5Etfw\" rel=\"nofollow\">September 6, 2026<\/a><\/p>\n<p>Dim v Dalmaciji<\/p>\n<p>V Dalmaciji v sosednji Hrva\u0161ki so se \u0161tevilni prebivalci danes zjutraj prebudili ob gostem dimu in mo\u010dnem vonju po po\u017eganem. To je med njimi povzro\u010dilo zaskrbljenost in paniko, zato so s \u0161tevilnimi telefonskimi klici zasuli gasilce. Klicev je bilo tako veliko, da so gasilci na javnost naslovili javni poziv, v katerem so poudarili, da dim ni posledica lokalnega po\u017eara, temve\u010d ga je veter prinesel z obmo\u010dij v BiH, kjer divjajo siloviti po\u017eari.<\/p>\n<p>Za pomo\u010d pri umirjanju razmer so prosili tudi medije. Dim so sicer v Dalmaciji zaznali od Imotskega in obale pa vse do dalmatinskih otokov.<\/p>\n<p>Gori tudi v \u010crni gori\u00a0<\/p>\n<p>O ve\u010d po\u017earih poro\u010dajo tudi iz \u010crne gore. Pri njihovem ga\u0161enju je v soboto sodelovala tudi vojska z letali za ga\u0161enje in helikopterji, ki so odvrgli ve\u010d kot 12 ton vode, so sporo\u010dili z notranjega ministrstva. Dodali so, da &#8220;pristojne slu\u017ebe nadaljujejo intenzivne aktivnosti na vseh aktivnih po\u017eari\u0161\u010dih, pri \u010demer nenehno spremljajo razmere na terenu in ostajajo pripravljene na napotitev dodatnih zmogljivosti,&#8221; poro\u010da srbska tiskovna agencija Tanjug.<\/p>\n<p>                <script async src=\"https:\/\/platform.twitter.com\/widgets.js\" charset=\"utf-8\"><\/script><\/p>\n","protected":false},"excerpt":{"rendered":"Na obmo\u010dju Biha\u0107a, Kalesije, Drvarja in ob\u010dine Prozor-Rama v BiH danes divjajo gozdni po\u017eari. Pri ga\u0161enju katerih sodelujejo&hellip;\n","protected":false},"author":2,"featured_media":217602,"comment_status":"","ping_status":"","sticky":false,"template":"","format":"standard","meta":{"footnotes":"","_share_on_mastodon":"0"},"categories":[8],"tags":[2273,8586,760,37,38,64,63],"class_list":["post-217601","post","type-post","status-publish","format-standard","has-post-thumbnail","category-svet","tag-bosna-in-hercegovina","tag-dalmacija","tag-pozar","tag-slovene","tag-slovenscina","tag-svet","tag-world"],"share_on_mastodon":{"url":"https:\/\/pubeurope.com\/@si\/117223930350550267","error":""},"_links":{"self":[{"href":"https:\/\/www.europesays.com\/si\/wp-json\/wp\/v2\/posts\/217601","targetHints":{"allow":["GET"]}}],"collection":[{"href":"https:\/\/www.europesays.com\/si\/wp-json\/wp\/v2\/posts"}],"about":[{"href":"https:\/\/www.europesays.com\/si\/wp-json\/wp\/v2\/types\/post"}],"author":[{"embeddable":true,"href":"https:\/\/www.europesays.com\/si\/wp-json\/wp\/v2\/users\/2"}],"replies":[{"embeddable":true,"href":"https:\/\/www.europesays.com\/si\/wp-json\/wp\/v2\/comments?post=217601"}],"version-history":[{"count":0,"href":"https:\/\/www.europesays.com\/si\/wp-json\/wp\/v2\/posts\/217601\/revisions"}],"wp:featuredmedia":[{"embeddable":true,"href":"https:\/\/www.europesays.com\/si\/wp-json\/wp\/v2\/media\/217602"}],"wp:attachment":[{"href":"https:\/\/www.europesays.com\/si\/wp-json\/wp\/v2\/media?parent=217601"}],"wp:term":[{"taxonomy":"category","embeddable":true,"href":"https:\/\/www.europesays.com\/si\/wp-json\/wp\/v2\/categories?post=217601"},{"taxonomy":"post_tag","embeddable":true,"href":"https:\/\/www.europesays.com\/si\/wp-json\/wp\/v2\/tags?post=217601"}],"curies":[{"name":"wp","href":"https:\/\/api.w.org\/{rel}","templated":true}]}}