{"id":217605,"date":"2026-09-06T11:47:13","date_gmt":"2026-09-06T11:47:13","guid":{"rendered":"https:\/\/www.europesays.com\/si\/217605\/"},"modified":"2026-09-06T11:47:13","modified_gmt":"2026-09-06T11:47:13","slug":"groza-na-cesti-avtobus-poln-otrok-strmoglavil-30-metrov-v-globino-najmanj-21-mrtvih","status":"publish","type":"post","link":"https:\/\/www.europesays.com\/si\/217605\/","title":{"rendered":"Groza na cesti: avtobus, poln otrok, strmoglavil 30 metrov v globino, najmanj 21 mrtvih"},"content":{"rendered":"<p>Na otoku Fogo na Zelenortskih otokih se je zgodila stra\u0161na prometna nesre\u010da. Avtobus, na katerem so bili tudi u\u010denci, je zapeljal s ceste in zgrmel pribli\u017eno 30 metrov v globino.<\/p>\n<p>Umrlo najmanj 21 ljudi, med \u017ertvami tudi otroci<\/p>\n<p>Nesre\u010da se je zgodila v soboto zve\u010der. Avtobus je vozil na relaciji Ch\u00e3 das Caldeiras\u2013Campanas, ko je iz za zdaj \u0161e neznanega razloga zapeljal s cesti\u0161\u010da.<\/p>\n<p>Po navedbah predstavnika tamkaj\u0161nje civilne za\u0161\u010dite je ob padcu najmanj deset potnikov vrglo iz vozila. Nekateri so po nesre\u010di ostali ujeti v povsem uni\u010denem avtobusu.<\/p>\n<p>Na kraj so prihitele re\u0161evalne slu\u017ebe. Pristojni zdaj ugotavljajo, kaj je povzro\u010dilo tragedijo in zakaj je voznik izgubil nadzor nad avtobusom.<\/p>\n","protected":false},"excerpt":{"rendered":"Na otoku Fogo na Zelenortskih otokih se je zgodila stra\u0161na prometna nesre\u010da. Avtobus, na katerem so bili tudi&hellip;\n","protected":false},"author":2,"featured_media":217606,"comment_status":"","ping_status":"","sticky":false,"template":"","format":"standard","meta":{"footnotes":"","_share_on_mastodon":"0"},"categories":[20],"tags":[2936,32,24874,35,502,31,34,36,503,37,38,584,783,33,1975],"class_list":["post-217605","post","type-post","status-publish","format-standard","has-post-thumbnail","category-novice","tag-avtobus","tag-headlines","tag-mrtvi","tag-najpomembnejse-novice","tag-nesreca","tag-news","tag-novice","tag-osrednje-novice","tag-otroci","tag-slovene","tag-slovenscina","tag-smrt","tag-smrtne-zrtve","tag-top-stories","tag-tragedija"],"share_on_mastodon":{"url":"https:\/\/pubeurope.com\/@si\/117223938244103361","error":""},"_links":{"self":[{"href":"https:\/\/www.europesays.com\/si\/wp-json\/wp\/v2\/posts\/217605","targetHints":{"allow":["GET"]}}],"collection":[{"href":"https:\/\/www.europesays.com\/si\/wp-json\/wp\/v2\/posts"}],"about":[{"href":"https:\/\/www.europesays.com\/si\/wp-json\/wp\/v2\/types\/post"}],"author":[{"embeddable":true,"href":"https:\/\/www.europesays.com\/si\/wp-json\/wp\/v2\/users\/2"}],"replies":[{"embeddable":true,"href":"https:\/\/www.europesays.com\/si\/wp-json\/wp\/v2\/comments?post=217605"}],"version-history":[{"count":0,"href":"https:\/\/www.europesays.com\/si\/wp-json\/wp\/v2\/posts\/217605\/revisions"}],"wp:featuredmedia":[{"embeddable":true,"href":"https:\/\/www.europesays.com\/si\/wp-json\/wp\/v2\/media\/217606"}],"wp:attachment":[{"href":"https:\/\/www.europesays.com\/si\/wp-json\/wp\/v2\/media?parent=217605"}],"wp:term":[{"taxonomy":"category","embeddable":true,"href":"https:\/\/www.europesays.com\/si\/wp-json\/wp\/v2\/categories?post=217605"},{"taxonomy":"post_tag","embeddable":true,"href":"https:\/\/www.europesays.com\/si\/wp-json\/wp\/v2\/tags?post=217605"}],"curies":[{"name":"wp","href":"https:\/\/api.w.org\/{rel}","templated":true}]}}