{"id":217619,"date":"2026-09-06T12:05:11","date_gmt":"2026-09-06T12:05:11","guid":{"rendered":"https:\/\/www.europesays.com\/si\/217619\/"},"modified":"2026-09-06T12:05:11","modified_gmt":"2026-09-06T12:05:11","slug":"klic-na-policijo-na-cesti-lezi-motorist","status":"publish","type":"post","link":"https:\/\/www.europesays.com\/si\/217619\/","title":{"rendered":"Klic na policijo: Na cesti le\u017ei motorist"},"content":{"rendered":"<p>Policija je obvestilo prejela ob 11.45.<\/p>\n<p>&#8220;Ob 11.45 smo dobili obvestilo, da na cesti od Hra\u0161\u010d proti Hru\u0161evju motorist le\u017ei na tleh,&#8221; so sporo\u010dili s koprske policijske uprave.\u00a0Policisti so ugotovili, da je 18-letna voznica peljala motorno kolo od Razdrtega proti Postojni in pri tem zapeljala preblizu robnika, podrsala robnik, izgubila ravnote\u017eje in padla.<\/p>\n<p>18-letnico so, kot smo \u017ee v\u010deraj poro\u010dali, <a href=\"https:\/\/www.zurnal24.si\/slovenija\/vse-stiri-so-odpeljali-s-helikopterjem-464711\" rel=\"nofollow noopener\" target=\"_blank\">odpeljali s helikopterjem<\/a>.\u00a0<\/p>\n<p>Okoli\u0161\u010dine prometne nesre\u010de \u0161e\u00a0preverjajo, odrejen je bil strokovni pregled.\u00a0<\/p>\n<p>Fotografija je simboli\u010dna.\u00a0<\/p>\n<p>dezurni@styria-media.si<\/p>\n","protected":false},"excerpt":{"rendered":"Policija je obvestilo prejela ob 11.45. &#8220;Ob 11.45 smo dobili obvestilo, da na cesti od Hra\u0161\u010d proti Hru\u0161evju&hellip;\n","protected":false},"author":2,"featured_media":217620,"comment_status":"","ping_status":"","sticky":false,"template":"","format":"standard","meta":{"footnotes":"","_share_on_mastodon":"0"},"categories":[20],"tags":[32,7960,35,31,34,36,215,37,38,33],"class_list":["post-217619","post","type-post","status-publish","format-standard","has-post-thumbnail","category-novice","tag-headlines","tag-motorist","tag-najpomembnejse-novice","tag-news","tag-novice","tag-osrednje-novice","tag-prometna-nesreca","tag-slovene","tag-slovenscina","tag-top-stories"],"share_on_mastodon":{"url":"https:\/\/pubeurope.com\/@si\/117224009110069348","error":""},"_links":{"self":[{"href":"https:\/\/www.europesays.com\/si\/wp-json\/wp\/v2\/posts\/217619","targetHints":{"allow":["GET"]}}],"collection":[{"href":"https:\/\/www.europesays.com\/si\/wp-json\/wp\/v2\/posts"}],"about":[{"href":"https:\/\/www.europesays.com\/si\/wp-json\/wp\/v2\/types\/post"}],"author":[{"embeddable":true,"href":"https:\/\/www.europesays.com\/si\/wp-json\/wp\/v2\/users\/2"}],"replies":[{"embeddable":true,"href":"https:\/\/www.europesays.com\/si\/wp-json\/wp\/v2\/comments?post=217619"}],"version-history":[{"count":0,"href":"https:\/\/www.europesays.com\/si\/wp-json\/wp\/v2\/posts\/217619\/revisions"}],"wp:featuredmedia":[{"embeddable":true,"href":"https:\/\/www.europesays.com\/si\/wp-json\/wp\/v2\/media\/217620"}],"wp:attachment":[{"href":"https:\/\/www.europesays.com\/si\/wp-json\/wp\/v2\/media?parent=217619"}],"wp:term":[{"taxonomy":"category","embeddable":true,"href":"https:\/\/www.europesays.com\/si\/wp-json\/wp\/v2\/categories?post=217619"},{"taxonomy":"post_tag","embeddable":true,"href":"https:\/\/www.europesays.com\/si\/wp-json\/wp\/v2\/tags?post=217619"}],"curies":[{"name":"wp","href":"https:\/\/api.w.org\/{rel}","templated":true}]}}