{"id":217633,"date":"2026-09-06T12:23:08","date_gmt":"2026-09-06T12:23:08","guid":{"rendered":"https:\/\/www.europesays.com\/si\/217633\/"},"modified":"2026-09-06T12:23:08","modified_gmt":"2026-09-06T12:23:08","slug":"trumpova-odposlanca-iz-moskve-brez-konkretnega-preboja-kaj-bo-prinesel-sestanek-v-kijevu-n1-slovenija","status":"publish","type":"post","link":"https:\/\/www.europesays.com\/si\/217633\/","title":{"rendered":"Trumpova odposlanca iz Moskve brez konkretnega preboja. Kaj bo prinesel sestanek v Kijevu? &#8211; N1 Slovenija"},"content":{"rendered":"<p><a href=\"https:\/\/news.google.com\/rss\/articles\/CBMiuwFBVV95cUxQZ3RZR1JVbE5wUmlFN3g3RVFST2JmWVA0dkNFekpCaE5fVDRKTHRYNWZ2ZFhTWkRxVGpmY05MVUlBSTR1WDA3Q2dvQnhRa1QtVUljU2ZVaU11RnpTV0UxdTJRazVqTTZlbmM4NXNPekdacUNaOGlmNnQ1V1NlVGZYcFFrWXZlc1hGMkNKYlFBalNfRVFrNDNsVkZQa0RhalJMX05RQnJyWVptM3hLN1Jhd0ppNUtDaHpfV080?oc=5\" target=\"_blank\" rel=\"nofollow noopener\">Trumpova odposlanca iz Moskve brez konkretnega preboja. Kaj bo prinesel sestanek v Kijevu?<\/a>&nbsp;&nbsp;N1 Slovenija<a href=\"https:\/\/news.google.com\/rss\/articles\/CBMi5AFBVV95cUxOMTVVTHpfZmtaclUtSEREQ1RSdnBlcVZDUFRLZVltZkJKQUNiQUJwYnBIdkRhN0lFdmxqZFVRN0VmNWpSM3J1MjhRUjVscE9fNlNjamZUYUtyemN6Skl4TFF4ME9HYU1QTUdmRmxtYUM5RnBZX0hKN2V3VXZ2SU03MXpsLVNsTGttWjliU3lhRmRkUFUzZnJJSkgyOXhNRS1mTmFkS1NHY25XdWVndzlhMlg1b2tudWdRVEN6YUFXMG82TUtYWUgwLTdvNk1aX3hxd3lKVzR1TUdWUVRGT3k4UkZmQlI?oc=5\" target=\"_blank\" rel=\"nofollow noopener\">Rusija in Ukrajina napovedali, da v \u010dasu ameri\u0161kega obiska ne bosta napadali glavnih mest obeh dr\u017eav<\/a>&nbsp;&nbsp;rtvslo.si<a href=\"https:\/\/news.google.com\/rss\/articles\/CBMimgFBVV95cUxPd3ZMNEdDc1llV1RiR3g2YnVkNVhJWm1JRF9mVGt3SGlydU9rdGExbVE4bHd1M2FUQXpyd3E5ZzNtWnoyTUpqRzJsYUVzU21KQUxPVy1ISFJ2dDlkLUFhQzRqSjc0ejQwNXhIbHctbWtPQ3kweWQyM0VFdXM1UFVCbndXZ3NndHZPY3F5UDgxRUxyNnZVNFZQYTBB?oc=5\" target=\"_blank\" rel=\"nofollow noopener\">Ameri\u0161ka stran v Moskvi predstavila \u00bbve\u010d idej\u00ab za kon\u010danje vojne<\/a>&nbsp;&nbsp;Delo.si<a href=\"https:\/\/news.google.com\/rss\/articles\/CBMiqAFBVV95cUxPUGNqR2ppSHVhem5jOUVUaVMySEpJTlk5dG5tcDdld2xkSEFzRFV0WlJaRnhaZmhpODdYM29fMmFZT0xmeUxjZDVsaHo1Z2VKYVZRSE9pYkt1SG90UlU4c0l6eG01d3pwaGlpcFd6bGdCUElOYmZsZmx6Z3NNRDg4YUN3VHdOWXVkT3RQT0o3RWcwaUVvX21lcjBFTHRxQkZyai1OQUg5eUk?oc=5\" target=\"_blank\" rel=\"nofollow noopener\">Ameri\u0161ka delegacija v Moskvi: &#8216;Predstavili vrsto idej o poteh do re\u0161itve&#8217;<\/a>&nbsp;&nbsp;24ur.com<a href=\"https:\/\/news.google.com\/rss\/articles\/CBMiyAFBVV95cUxQMXBDZ1dOSjRzMEN3QVN1dEVWZVB5M2JkbjNBWTRhdU5ISFB3VktweGI3Y0JKeWhyT3dfX2cyV2t0VjFJTmpQMlpkS3A2REN0bHY0YXcyZ1ZOODNSTFpRZVE1ZHk3Tl9xTFZFY25pa3FtOEMzZFdfVGpCRzNQU1hrZ1YyakNTM0dka0Q1MWh0RVkzU2hneDBlcXRFVGpuVU0xYllxLW9CUFZPRjFCUF9JMFJOOTN5dGFka01oZ1VTcWFycFJkcW96Nw?oc=5\" target=\"_blank\" rel=\"nofollow noopener\">Witkoff in Kushner danes pri Putinu, jutri pri Zelenskem<\/a>&nbsp;&nbsp;dnevnik.si<\/p>\n","protected":false},"excerpt":{"rendered":"Trumpova odposlanca iz Moskve brez konkretnega preboja. Kaj bo prinesel sestanek v Kijevu?&nbsp;&nbsp;N1 SlovenijaRusija in Ukrajina napovedali, da&hellip;\n","protected":false},"author":2,"featured_media":217634,"comment_status":"","ping_status":"","sticky":false,"template":"","format":"standard","meta":{"footnotes":"","_share_on_mastodon":"0"},"categories":[20],"tags":[32,35,31,34,36,37,38,33],"class_list":["post-217633","post","type-post","status-publish","format-standard","has-post-thumbnail","category-novice","tag-headlines","tag-najpomembnejse-novice","tag-news","tag-novice","tag-osrednje-novice","tag-slovene","tag-slovenscina","tag-top-stories"],"share_on_mastodon":{"url":"https:\/\/pubeurope.com\/@si\/117224079653965849","error":""},"_links":{"self":[{"href":"https:\/\/www.europesays.com\/si\/wp-json\/wp\/v2\/posts\/217633","targetHints":{"allow":["GET"]}}],"collection":[{"href":"https:\/\/www.europesays.com\/si\/wp-json\/wp\/v2\/posts"}],"about":[{"href":"https:\/\/www.europesays.com\/si\/wp-json\/wp\/v2\/types\/post"}],"author":[{"embeddable":true,"href":"https:\/\/www.europesays.com\/si\/wp-json\/wp\/v2\/users\/2"}],"replies":[{"embeddable":true,"href":"https:\/\/www.europesays.com\/si\/wp-json\/wp\/v2\/comments?post=217633"}],"version-history":[{"count":0,"href":"https:\/\/www.europesays.com\/si\/wp-json\/wp\/v2\/posts\/217633\/revisions"}],"wp:featuredmedia":[{"embeddable":true,"href":"https:\/\/www.europesays.com\/si\/wp-json\/wp\/v2\/media\/217634"}],"wp:attachment":[{"href":"https:\/\/www.europesays.com\/si\/wp-json\/wp\/v2\/media?parent=217633"}],"wp:term":[{"taxonomy":"category","embeddable":true,"href":"https:\/\/www.europesays.com\/si\/wp-json\/wp\/v2\/categories?post=217633"},{"taxonomy":"post_tag","embeddable":true,"href":"https:\/\/www.europesays.com\/si\/wp-json\/wp\/v2\/tags?post=217633"}],"curies":[{"name":"wp","href":"https:\/\/api.w.org\/{rel}","templated":true}]}}