{"id":217647,"date":"2026-09-06T12:41:07","date_gmt":"2026-09-06T12:41:07","guid":{"rendered":"https:\/\/www.europesays.com\/si\/217647\/"},"modified":"2026-09-06T12:41:07","modified_gmt":"2026-09-06T12:41:07","slug":"tatvina-na-gorickem-izginilo-za-20-000-evrov-opreme-zdaj-prosijo-za-pomoc","status":"publish","type":"post","link":"https:\/\/www.europesays.com\/si\/217647\/","title":{"rendered":"Tatvina na Gori\u010dkem: Izginilo za 20.000 evrov opreme, zdaj prosijo za pomo\u010d"},"content":{"rendered":"<p>Na dru\u017ebenih omre\u017ejih se je pojavil poziv za pomo\u010d pri iskanju gradbene opreme, ki naj bi jo storilci v torek, 1. septembra, pozno zve\u010der ukradli iz objekta Eco Selo resort na obmo\u010dju Sela v ob\u010dini Moravske Toplice.<\/p>\n<p>Po navedbah avtorja poziva je izginila gradbena oprema znamke Ringer v vrednosti okoli 20.000 evrov.<\/p>\n<p>Za informacije ponujajo visoko nagrado<\/p>\n<p>Med ukradeno opremo naj bi bili pocinkani mo\u010dnej\u0161i podporniki Ringer, Doke Ringer in tako imenovane blejke.<\/p>\n<p>Za informacije, ki bi pripeljale do storilcev in vra\u010dila ukradene opreme, ponujajo \u00bbvisoko nagrado\u00ab.\u00a0<\/p>\n<p>Ljudi, ki bi jim bila po tatvini navedena oprema Ringer ponujena ali prodana, pozivajo, naj se oglasijo.<\/p>\n","protected":false},"excerpt":{"rendered":"Na dru\u017ebenih omre\u017ejih se je pojavil poziv za pomo\u010d pri iskanju gradbene opreme, ki naj bi jo storilci&hellip;\n","protected":false},"author":2,"featured_media":217648,"comment_status":"","ping_status":"","sticky":false,"template":"","format":"standard","meta":{"footnotes":"","_share_on_mastodon":"0"},"categories":[20],"tags":[32,35,31,34,36,37,38,33],"class_list":["post-217647","post","type-post","status-publish","format-standard","has-post-thumbnail","category-novice","tag-headlines","tag-najpomembnejse-novice","tag-news","tag-novice","tag-osrednje-novice","tag-slovene","tag-slovenscina","tag-top-stories"],"share_on_mastodon":{"url":"https:\/\/pubeurope.com\/@si\/117224150257339397","error":""},"_links":{"self":[{"href":"https:\/\/www.europesays.com\/si\/wp-json\/wp\/v2\/posts\/217647","targetHints":{"allow":["GET"]}}],"collection":[{"href":"https:\/\/www.europesays.com\/si\/wp-json\/wp\/v2\/posts"}],"about":[{"href":"https:\/\/www.europesays.com\/si\/wp-json\/wp\/v2\/types\/post"}],"author":[{"embeddable":true,"href":"https:\/\/www.europesays.com\/si\/wp-json\/wp\/v2\/users\/2"}],"replies":[{"embeddable":true,"href":"https:\/\/www.europesays.com\/si\/wp-json\/wp\/v2\/comments?post=217647"}],"version-history":[{"count":0,"href":"https:\/\/www.europesays.com\/si\/wp-json\/wp\/v2\/posts\/217647\/revisions"}],"wp:featuredmedia":[{"embeddable":true,"href":"https:\/\/www.europesays.com\/si\/wp-json\/wp\/v2\/media\/217648"}],"wp:attachment":[{"href":"https:\/\/www.europesays.com\/si\/wp-json\/wp\/v2\/media?parent=217647"}],"wp:term":[{"taxonomy":"category","embeddable":true,"href":"https:\/\/www.europesays.com\/si\/wp-json\/wp\/v2\/categories?post=217647"},{"taxonomy":"post_tag","embeddable":true,"href":"https:\/\/www.europesays.com\/si\/wp-json\/wp\/v2\/tags?post=217647"}],"curies":[{"name":"wp","href":"https:\/\/api.w.org\/{rel}","templated":true}]}}