{"id":217659,"date":"2026-09-06T12:59:08","date_gmt":"2026-09-06T12:59:08","guid":{"rendered":"https:\/\/www.europesays.com\/si\/217659\/"},"modified":"2026-09-06T12:59:08","modified_gmt":"2026-09-06T12:59:08","slug":"razgrajaca-pridrzali-a-so-morali-pridrzanje-prekiniti","status":"publish","type":"post","link":"https:\/\/www.europesays.com\/si\/217659\/","title":{"rendered":"Razgraja\u010da pridr\u017eali, a so morali pridr\u017eanje prekiniti"},"content":{"rendered":"<p>Pridr\u017eanje 49-letnika so prekinili zaradi zdravstvenega stanja.<\/p>\n<p>V soboto\u00a0nekaj pred 23. uro je na javni prireditvi na obmo\u010dju Koro\u0161ke Bele pri\u0161lo do kr\u0161itve javnega reda 49-letne osebe, ki je bila v postopku z varnostniki fizi\u010dno in verbalno nasilna ter ni upo\u0161tevala ukrepov varnostnika. Kr\u0161itelj tudi po prihodu jeseni\u0161kih policistov na kraj ni prenehal s kr\u0161itvijo, zato so mu odredili pridr\u017eanje.\u00a0<\/p>\n<p>Zaradi zdravstvenega stanja so morali pridr\u017eanje prekiniti. Kaj se je zgodilo in ali so ga odpeljali v bolni\u0161nico, policisti ne poro\u010dajo.\u00a0<\/p>\n<p>Sporo\u010dili pa so, da zoper kr\u0161itelja vodijo prekr\u0161kovni postopek.<\/p>\n<p>dezurni@styria-media.si<\/p>\n","protected":false},"excerpt":{"rendered":"Pridr\u017eanje 49-letnika so prekinili zaradi zdravstvenega stanja. V soboto\u00a0nekaj pred 23. uro je na javni prireditvi na obmo\u010dju&hellip;\n","protected":false},"author":2,"featured_media":217660,"comment_status":"","ping_status":"","sticky":false,"template":"","format":"standard","meta":{"footnotes":"","_share_on_mastodon":"0"},"categories":[20],"tags":[32,19854,35,31,34,36,953,37,38,33],"class_list":["post-217659","post","type-post","status-publish","format-standard","has-post-thumbnail","category-novice","tag-headlines","tag-koroska-bela","tag-najpomembnejse-novice","tag-news","tag-novice","tag-osrednje-novice","tag-pridrzanje","tag-slovene","tag-slovenscina","tag-top-stories"],"share_on_mastodon":{"url":"https:\/\/pubeurope.com\/@si\/117224221089496132","error":""},"_links":{"self":[{"href":"https:\/\/www.europesays.com\/si\/wp-json\/wp\/v2\/posts\/217659","targetHints":{"allow":["GET"]}}],"collection":[{"href":"https:\/\/www.europesays.com\/si\/wp-json\/wp\/v2\/posts"}],"about":[{"href":"https:\/\/www.europesays.com\/si\/wp-json\/wp\/v2\/types\/post"}],"author":[{"embeddable":true,"href":"https:\/\/www.europesays.com\/si\/wp-json\/wp\/v2\/users\/2"}],"replies":[{"embeddable":true,"href":"https:\/\/www.europesays.com\/si\/wp-json\/wp\/v2\/comments?post=217659"}],"version-history":[{"count":0,"href":"https:\/\/www.europesays.com\/si\/wp-json\/wp\/v2\/posts\/217659\/revisions"}],"wp:featuredmedia":[{"embeddable":true,"href":"https:\/\/www.europesays.com\/si\/wp-json\/wp\/v2\/media\/217660"}],"wp:attachment":[{"href":"https:\/\/www.europesays.com\/si\/wp-json\/wp\/v2\/media?parent=217659"}],"wp:term":[{"taxonomy":"category","embeddable":true,"href":"https:\/\/www.europesays.com\/si\/wp-json\/wp\/v2\/categories?post=217659"},{"taxonomy":"post_tag","embeddable":true,"href":"https:\/\/www.europesays.com\/si\/wp-json\/wp\/v2\/tags?post=217659"}],"curies":[{"name":"wp","href":"https:\/\/api.w.org\/{rel}","templated":true}]}}