{"id":217673,"date":"2026-09-06T13:17:14","date_gmt":"2026-09-06T13:17:14","guid":{"rendered":"https:\/\/www.europesays.com\/si\/217673\/"},"modified":"2026-09-06T13:17:14","modified_gmt":"2026-09-06T13:17:14","slug":"ankete-napovedujejo-zmago-skrajno-desnega-afd-ja-do-12-00-visoka-volilna-udelezba","status":"publish","type":"post","link":"https:\/\/www.europesays.com\/si\/217673\/","title":{"rendered":"Ankete napovedujejo zmago skrajno desnega AfD-ja. Do 12.00 visoka volilna udele\u017eba."},"content":{"rendered":"<p>\t\t\t\t\t\t\t\t<a href=\"https:\/\/www.europesays.com\/si\/wp-content\/uploads\/2026\/09\/67095375.jpg\" itemprop=\"contentUrl\" data-size=\"1200x800\" data-large=\"https:\/\/www.europesays.com\/si\/wp-content\/uploads\/2026\/09\/67095375.jpg\"><br \/>\n\t\t\t\t\t\t\t\t\t<img decoding=\"async\" src=\"https:\/\/www.europesays.com\/si\/wp-content\/uploads\/2026\/09\/67095375.jpg\" title=\"Eno izmed voli\u0161\u010d v kraju Tangerm\u00fcnde. Foto: Reuters\" alt=\"Eno izmed voli\u0161\u010d v kraju Tangerm\u00fcnde. Foto: Reuters\"\/><br \/>\n\t\t\t\t\t\t\t\t<\/a><\/p>\n<p>\t\t\t\t\t\t\t\t\tEno izmed voli\u0161\u010d v kraju Tangerm\u00fcnde. Foto: Reuters<\/p>\n<p>\t\t\t\t\t\t\t<a id=\"preferredSourceBanner\" href=\"https:\/\/www.rtvslo.si\/svet\/ankete-napovedujejo-zmago-skrajno-desnega-afd-ja-do-12-00-visoka-volilna-udelezba\/javascript:void(0)\" target=\"_blank\" class=\"d-none align-items-center justify-content-between rounded my-3\" style=\"padding: 10px 15px;\" rel=\"nofollow noopener\"><br \/>\n\t\t\t\t\t\t<img decoding=\"async\" src=\"https:\/\/img.rtvslo.si\/_static\/novi\/img\/ico-google.svg\" class=\"flex-shrink-0 mr-3\" aria-hidden=\"true\"\/><br \/>\n\t\t\t\t\t\tSpremljajte RTVSLO.si kot prednostni vir na Google<\/p>\n<p>\t\t\t\t\t<\/a><\/p>\n<p>Volilna udele\u017eba je bila po podatkih volilne komisije do 12.00 znatno vi\u0161ja kot pred petimi leti. Glas je oddalo 34,7 odstotka volilnih upravi\u010dencev. Na volitvah leta 2021 je udele\u017eba do 12. ure dosegla 22,4 odstotka, kon\u010dna volilna udele\u017eba, vklju\u010dno z glasovi po po\u0161ti, je bila takrat 60,3-odstotna.<\/p>\n<p>Oglas<\/p>\n<p>Dr\u017eavna volilna komisija je sporo\u010dila, da je glasovanje doslej potekalo nemoteno in brez &#8220;nesorazmerno dolgih \u010dakalnih dob&#8221;.<\/p>\n<p>\t\t\t\t\t\t\t\t<a href=\"https:\/\/www.europesays.com\/si\/wp-content\/uploads\/2026\/09\/1788700631_618_67095028.jpg\" itemprop=\"contentUrl\" data-size=\"1200x800\" data-large=\"https:\/\/www.europesays.com\/si\/wp-content\/uploads\/2026\/09\/1788700631_618_67095028.jpg\"><br \/>\n\t\t\t\t\t\t\t\t\t<img decoding=\"async\" src=\"https:\/\/www.europesays.com\/si\/wp-content\/uploads\/2026\/09\/1788700631_618_67095028.jpg\" title=\"AfD je imel v soboto v Magdeburgu zadnje predvolilno zborovanje. Foto: Reuters\" alt=\"AfD je imel v soboto v Magdeburgu zadnje predvolilno zborovanje. Foto: Reuters\"\/><br \/>\n\t\t\t\t\t\t\t\t<\/a><\/p>\n<p>\t\t\t\t\t\t\t\t\tAfD je imel v soboto v Magdeburgu zadnje predvolilno zborovanje. Foto: Reuters<\/p>\n<p>\t\t\t\t\t\t\tBo AfD lahko sestavil vlado?<\/p>\n<p>AfD naj bi na volitvah dobil od 41 do 43 odstotkov glasov, trenutno vladajo\u010di kr\u0161\u010danski demokrati (CDU) pa okoli 22 odstotkov. Tretja najmo\u010dnej\u0161a sila bi bila Levica z okoli 12 odstotki. Petodstotni prag za vstop v de\u017eelni parlament naj bi prestopili tudi levosredinski SPD in Zeleni.<\/p>\n<p>Tudi \u010de bo AfD prepri\u010dljivo zmagal, bo to premalo, da bi samostojno vladal, nobena druga stranka, ki ji napovedujejo uvrstitev v parlament v vzhodnonem\u0161ki de\u017eeli Sa\u0161ki &#8211; Anhaltu, pa ne \u017eeli v koalicijo z njo. Toda tudi de\u017eelne vlade brez AfD-ja oziroma okoli njega morda ne bo mogo\u010de sestaviti. <\/p>\n<p>AfD izra\u017ea dvom o po\u0161teni izvedbi volitev, \u010de\u0161, da je prihajalo do nepravilnosti pri oddaji glasov oskrbovancev v domovih za starej\u0161e, je poro\u010dala dopisnica RTV Slovenija iz Berlina Maja Der\u010dar.<\/p>\n<p>\t\t\t\t\t\t\t\t<a href=\"https:\/\/www.europesays.com\/si\/wp-content\/uploads\/2026\/09\/1788700632_435_67095029.jpg\" itemprop=\"contentUrl\" data-size=\"1200x800\" data-large=\"https:\/\/www.europesays.com\/si\/wp-content\/uploads\/2026\/09\/1788700632_435_67095029.jpg\"><br \/>\n\t\t\t\t\t\t\t\t\t<img decoding=\"async\" src=\"https:\/\/www.europesays.com\/si\/wp-content\/uploads\/2026\/09\/1788700632_435_67095029.jpg\" title=\"Pred stavbo de\u017eelnega parlamenta v Magdeburgu je varnost okrepljena. Foto: Reuters\" alt=\"Pred stavbo de\u017eelnega parlamenta v Magdeburgu je varnost okrepljena. Foto: Reuters\"\/><br \/>\n\t\t\t\t\t\t\t\t<\/a><\/p>\n<p>\t\t\t\t\t\t\t\t\tPred stavbo de\u017eelnega parlamenta v Magdeburgu je varnost okrepljena. Foto: Reuters<\/p>\n<p>Pri\u010dakovati je torej, da bo prihod AfD-ja na oblast prepre\u010dil t. i. po\u017earni zid, na\u010delna zaveza nem\u0161kih strank, da ne bodo sodelovale s skrajno desno stranko. Levo usmerjeno populisti\u010dno Zavezni\u0161tvo Sahre Wagenknecht, ki je tako kot AfD protipriseljensko in prorusko, je \u017ee dopustilo mo\u017enost sodelovanja v vladi z AfD-jem, \u010de bo pri\u0161lo v parlament.<\/p>\n<p>Javnomnenjska podjetja menijo, da so mo\u017ena tudi presene\u010denja. V CDU-ju upajo, da so bili v anketah doslej podcenjeni. Mnogo volivcev se za stranko ali kandidata, ki mu bodo oddali glas, odlo\u010di v zadnjem hipu.<\/p>\n<p>Volivci v de\u017eeli z 2,1 milijona prebivalcev, ki je po velikosti primerljiva s Slovenijo, bodo lahko svoj glas oddali med 8. in 18. uro. Kmalu zatem bodo mediji objavili prve napovedi volilnih izidov.<\/p>\n<p>\t\t\t\t\t\t\t\t<a href=\"https:\/\/www.europesays.com\/si\/wp-content\/uploads\/2026\/09\/1788700633_166_67095027.jpg\" itemprop=\"contentUrl\" data-size=\"1200x800\" data-large=\"https:\/\/www.europesays.com\/si\/wp-content\/uploads\/2026\/09\/1788700633_166_67095027.jpg\"><br \/>\n\t\t\t\t\t\t\t\t\t<img decoding=\"async\" src=\"https:\/\/www.europesays.com\/si\/wp-content\/uploads\/2026\/09\/1788700633_166_67095027.jpg\" title=\"Zborovanje proti skrajni desnici v soboto popoldne v Halleju. Foto: Reuters\" alt=\"Zborovanje proti skrajni desnici v soboto popoldne v Halleju. Foto: Reuters\"\/><br \/>\n\t\t\t\t\t\t\t\t<\/a><\/p>\n<p>\t\t\t\t\t\t\t\t\tZborovanje proti skrajni desnici v soboto popoldne v Halleju. Foto: Reuters<\/p>\n<p>\t\t\t\t\t\t\tPrvi\u010d v povojni zgodovini zmaga za skrajno desnico?<\/p>\n<p>\u010ce bi stranka AfD v Sa\u0161ki &#8211; Anhaltu pri\u0161la na oblast, bi bil to njen najve\u010dji uspeh v 13 letih njenega obstoja ter tudi velik politi\u010dni \u0161ok za Nem\u010dijo. Prvi\u010d po drugi svetovni vojni bi bila namre\u010d skrajno desna stranka na oblasti v kateri od 16 zveznih de\u017eel. Visoka podpora AfD-ju na volitvah bi pove\u010dala tudi pritisk na kanclerja Friedricha Merza, obenem pa \u0161e okrepila AfD. Ta je priljubljen na vzhodu Nem\u010dije, zaradi vse ve\u010djega nezadovoljstva Nemcev ob pe\u0161anju nem\u0161kega gospodarstva pa se krepi tudi na zahodu dr\u017eave.<\/p>\n<p>Krilo stranke AfD v de\u017eeli Sa\u0161ka &#8211; Anhalt je bolj radikalno od mati\u010dne stranke na zvezni ravni. Odprto zahteva remigracije, na\u010drtuje obra\u010dun z vsemi, ki se ji postavljajo po robu, v \u0161olah, upravi, kulturnem \u017eivljenju, je dodala Maja Der\u010dar.<\/p>\n<p>Mno\u017ei\u010dni protesti priti AfD-ju napovedani tudi danes<\/p>\n<p>V soboto zve\u010der so v Magdeburgu in drugod v Sa\u0161ki &#8211; Anhaltu potekale zadnje strankarske prireditve in festival demokracije, na katerem je okrog 10.000 udele\u017eencev zahtevalo ohranitev svobodne, odprte dru\u017ebe brez AfD-ja. Udele\u017eenci so dejali: &#8220;Verjamem, da so bile krize in vse, kar se je nakopi\u010dilo v zadnjih letih ali mesecih, podarjeno AfD-ju, ki to izkori\u0161\u010da in opozarja.&#8221; In: &#8220;Ne razumem, zakaj ljudje volijo AfD. Le zaradi priseljencev? Toliko je drugih te\u017eav, ki bi jih Nem\u010dija lahko re\u0161evala. Nem\u010dija zaposluje migrante v bolni\u0161nicah, povsod, mi nismo problem.&#8221;<\/p>\n<p>V Berlinu bodo demonstracije proti AfD-ju potekale danes. Po volitvah niso izklju\u010deni niti ve\u010dji protesti ali izgredi, je dodala novinarka Der\u010dar.<\/p>\n<p>\t\t\t\t\t\t\t\t\t<a href=\"https:\/\/www.rtvslo.si\/n\/792276\" class=\"image-link image-heading image-container container-16-9\" data-large=\"https:\/\/img.rtvcdn.si\/_up\/upload\/2026\/08\/30\/67086817.jpg\" rel=\"nofollow noopener\" target=\"_blank\"><br \/>\n\t\t\t\t\t\t\t\t\t\t<img decoding=\"async\" src=\"https:\/\/www.europesays.com\/si\/wp-content\/uploads\/2026\/09\/1788700634_421_67086817_thumb.jpg\" class=\"image-preview\"\/><br \/>\n\t\t\t\t\t\t\t\t\t<\/a><\/p>\n<p>\t\t\t\t\t\t\t\t\t\tSorodna novica<br \/>\n\t\t\t\t\t\t\t\t\t\t<a href=\"https:\/\/www.rtvslo.si\/n\/792276\" rel=\"nofollow noopener\" target=\"_blank\">AfD pred zgodovinsko zmago, a vladanje na Sa\u0161kem &#8211; Anhaltu vpra\u0161ljivo<\/a><\/p>\n<p>\t\t\t\tBo v Sa\u0161ki \u2013 Anhaltu slavila zmago Alternativa za Nem\u010dijo?<\/p>\n<p>Oglas<\/p>\n","protected":false},"excerpt":{"rendered":"Eno izmed voli\u0161\u010d v kraju Tangerm\u00fcnde. Foto: Reuters Spremljajte RTVSLO.si kot prednostni vir na Google Volilna udele\u017eba je&hellip;\n","protected":false},"author":2,"featured_media":217674,"comment_status":"","ping_status":"","sticky":false,"template":"","format":"standard","meta":{"footnotes":"","_share_on_mastodon":"0"},"categories":[20],"tags":[3671,32,35,493,31,34,36,37290,37,38,33,203],"class_list":["post-217673","post","type-post","status-publish","format-standard","has-post-thumbnail","category-novice","tag-alternativa-za-nemcijo","tag-headlines","tag-najpomembnejse-novice","tag-nemcija","tag-news","tag-novice","tag-osrednje-novice","tag-saska-anhalt","tag-slovene","tag-slovenscina","tag-top-stories","tag-volitve"],"share_on_mastodon":{"url":"https:\/\/pubeurope.com\/@si\/117224292454081555","error":""},"_links":{"self":[{"href":"https:\/\/www.europesays.com\/si\/wp-json\/wp\/v2\/posts\/217673","targetHints":{"allow":["GET"]}}],"collection":[{"href":"https:\/\/www.europesays.com\/si\/wp-json\/wp\/v2\/posts"}],"about":[{"href":"https:\/\/www.europesays.com\/si\/wp-json\/wp\/v2\/types\/post"}],"author":[{"embeddable":true,"href":"https:\/\/www.europesays.com\/si\/wp-json\/wp\/v2\/users\/2"}],"replies":[{"embeddable":true,"href":"https:\/\/www.europesays.com\/si\/wp-json\/wp\/v2\/comments?post=217673"}],"version-history":[{"count":0,"href":"https:\/\/www.europesays.com\/si\/wp-json\/wp\/v2\/posts\/217673\/revisions"}],"wp:featuredmedia":[{"embeddable":true,"href":"https:\/\/www.europesays.com\/si\/wp-json\/wp\/v2\/media\/217674"}],"wp:attachment":[{"href":"https:\/\/www.europesays.com\/si\/wp-json\/wp\/v2\/media?parent=217673"}],"wp:term":[{"taxonomy":"category","embeddable":true,"href":"https:\/\/www.europesays.com\/si\/wp-json\/wp\/v2\/categories?post=217673"},{"taxonomy":"post_tag","embeddable":true,"href":"https:\/\/www.europesays.com\/si\/wp-json\/wp\/v2\/tags?post=217673"}],"curies":[{"name":"wp","href":"https:\/\/api.w.org\/{rel}","templated":true}]}}