{"id":217707,"date":"2026-09-06T13:55:11","date_gmt":"2026-09-06T13:55:11","guid":{"rendered":"https:\/\/www.europesays.com\/si\/217707\/"},"modified":"2026-09-06T13:55:11","modified_gmt":"2026-09-06T13:55:11","slug":"zaradi-trgovine-z-mamili-v-egiptu-12-ljudi-obsojenih-na-smrt-med-njimi-tudi-tv-voditeljica","status":"publish","type":"post","link":"https:\/\/www.europesays.com\/si\/217707\/","title":{"rendered":"Zaradi trgovine z mamili v Egiptu 12 ljudi obsojenih na smrt, med njimi tudi TV-voditeljica"},"content":{"rendered":"<p>\t\t\t\t\t\t\t\t<a href=\"https:\/\/www.europesays.com\/si\/wp-content\/uploads\/2026\/09\/67095320.jpg\" itemprop=\"contentUrl\" data-size=\"1200x800\" data-large=\"https:\/\/www.europesays.com\/si\/wp-content\/uploads\/2026\/09\/67095320.jpg\"><br \/>\n\t\t\t\t\t\t\t\t\t<img decoding=\"async\" src=\"https:\/\/www.europesays.com\/si\/wp-content\/uploads\/2026\/09\/67095320.jpg\" title=\"Kairo. Foto: MMC RTV SLO\/Kaja Sajovic\" alt=\"Kairo. Foto: MMC RTV SLO\/Kaja Sajovic\"\/><br \/>\n\t\t\t\t\t\t\t\t<\/a><\/p>\n<p>\t\t\t\t\t\t\t\t\tKairo. Foto: MMC RTV SLO\/Kaja Sajovic<\/p>\n<p>\t\t\t\t\t\t\t<a id=\"preferredSourceBanner\" href=\"https:\/\/www.rtvslo.si\/svet\/afrika\/zaradi-trgovine-z-mamili-v-egiptu-12-ljudi-obsojenih-na-smrt-med-njimi-tudi-tv-voditeljica\/javascript:void(0)\" target=\"_blank\" class=\"d-none align-items-center justify-content-between rounded my-3\" style=\"padding: 10px 15px;\" rel=\"nofollow noopener\"><br \/>\n\t\t\t\t\t\t<img decoding=\"async\" src=\"https:\/\/img.rtvslo.si\/_static\/novi\/img\/ico-google.svg\" class=\"flex-shrink-0 mr-3\" aria-hidden=\"true\"\/><br \/>\n\t\t\t\t\t\tSpremljajte RTVSLO.si kot prednostni vir na Google<\/p>\n<p>\t\t\t\t\t<\/a><\/p>\n<p>39-letna Sarah Halifa je najbolj poznana po televizijski oddaji Misija nemogo\u010de, ki se je ukvarjala prav s kriminalnimi temami. Halifa je obto\u017ebe zanikala. Po poro\u010danju dr\u017eavnega \u010dasnika Akbar al Youm je Halifa na sodni obravnavi septembra lani na vpra\u0161anje sodnika  o svoji domnevni vlogi v primeru dejala, da mamil nikoli prej ni videla, dokler je niso fotografirali z njimi v prostorih urada za boj proti mamilom.<\/p>\n<p>Oglas<\/p>\n<p> Voditelji\u010din odvetnik je sporo\u010dil, da se bo na smrtno kazen prito\u017eil.<\/p>\n<p>Devet soobto\u017eenih je bilo obsojenih na dosmrtni zapor, medtem ko je bilo sedem ljudi opro\u0161\u010denih.<\/p>\n<p>Sodba je bila prvi\u010d razgla\u0161ena avgusta, vendar je postala dokon\u010dna \u0161ele \u010dez mesec dni, potem ko je sodi\u0161\u010de pridobilo versko mnenje velikega egiptovskega muftija, kar je zakonska zahteva v primerih izreka smrtne kazni.<\/p>\n<p>Oblasti so v omenjenem primeru zasegle ve\u010d kot 750 kilogramov mamil ter uvo\u017eene surovine za njihovo proizvodnjo.<\/p>\n<p>Po navedbah \u010dasnika Al Ahram je dvajset pri\u010d podalo izjave to\u017eilstvu, poleg tega pa so bili predstavljeni tudi elektronski dokazi, vklju\u010dno s pogovori in videoposnetki.<\/p>\n<p>Po poro\u010dilu organizacije Amnesty International za leto 2025 je bilo v Egiptu v tem letu izre\u010denih 492 smrtnih kazni, od katerih jih je bilo 23 izvr\u0161enih.<\/p>\n<p>V poro\u010dilu je navedeno, da so bili obto\u017eenci spoznani za krive trgovine z mamili in posilstva, kar so &#8220;kazniva dejanja, ki ne pomenijo namernega umora, za katerega bi morala biti uporaba smrtne kazni v skladu z mednarodnim pravom in standardi omejena&#8221;.                         <\/p>\n<p>Oglas<\/p>\n","protected":false},"excerpt":{"rendered":"Kairo. Foto: MMC RTV SLO\/Kaja Sajovic Spremljajte RTVSLO.si kot prednostni vir na Google 39-letna Sarah Halifa je najbolj&hellip;\n","protected":false},"author":2,"featured_media":217708,"comment_status":"","ping_status":"","sticky":false,"template":"","format":"standard","meta":{"footnotes":"","_share_on_mastodon":"0"},"categories":[20],"tags":[14871,32,35,31,34,36,37,38,2549,33,8509],"class_list":["post-217707","post","type-post","status-publish","format-standard","has-post-thumbnail","category-novice","tag-egipt","tag-headlines","tag-najpomembnejse-novice","tag-news","tag-novice","tag-osrednje-novice","tag-slovene","tag-slovenscina","tag-smrtna-kazen","tag-top-stories","tag-trgovina-z-mamili"],"share_on_mastodon":{"url":"https:\/\/pubeurope.com\/@si\/117224441756151056","error":""},"_links":{"self":[{"href":"https:\/\/www.europesays.com\/si\/wp-json\/wp\/v2\/posts\/217707","targetHints":{"allow":["GET"]}}],"collection":[{"href":"https:\/\/www.europesays.com\/si\/wp-json\/wp\/v2\/posts"}],"about":[{"href":"https:\/\/www.europesays.com\/si\/wp-json\/wp\/v2\/types\/post"}],"author":[{"embeddable":true,"href":"https:\/\/www.europesays.com\/si\/wp-json\/wp\/v2\/users\/2"}],"replies":[{"embeddable":true,"href":"https:\/\/www.europesays.com\/si\/wp-json\/wp\/v2\/comments?post=217707"}],"version-history":[{"count":0,"href":"https:\/\/www.europesays.com\/si\/wp-json\/wp\/v2\/posts\/217707\/revisions"}],"wp:featuredmedia":[{"embeddable":true,"href":"https:\/\/www.europesays.com\/si\/wp-json\/wp\/v2\/media\/217708"}],"wp:attachment":[{"href":"https:\/\/www.europesays.com\/si\/wp-json\/wp\/v2\/media?parent=217707"}],"wp:term":[{"taxonomy":"category","embeddable":true,"href":"https:\/\/www.europesays.com\/si\/wp-json\/wp\/v2\/categories?post=217707"},{"taxonomy":"post_tag","embeddable":true,"href":"https:\/\/www.europesays.com\/si\/wp-json\/wp\/v2\/tags?post=217707"}],"curies":[{"name":"wp","href":"https:\/\/api.w.org\/{rel}","templated":true}]}}